{"id":11316,"date":"2026-04-02T02:16:00","date_gmt":"2026-04-02T02:16:00","guid":{"rendered":"https:\/\/magistrae.com\/791485d9-712b-47f8-bdd2-8f4153ebfd0f\/"},"modified":"2026-04-02T02:16:05","modified_gmt":"2026-04-02T02:16:05","slug":"791485d9-712b-47f8-bdd2-8f4153ebfd0f","status":"publish","type":"post","link":"https:\/\/magistrae.com\/es\/791485d9-712b-47f8-bdd2-8f4153ebfd0f\/","title":{"rendered":"Gestor de Distribui\u00e7\u00e3o (M\/F): Lideran\u00e7a, Crescimento e Optimiza\u00e7\u00e3o Log\u00edstica"},"content":{"rendered":"<\/p>\n<\/p>\n<div style=\"background: #ffffff; border-radius: 12px; box-shadow: 0 10px 30px rgba(0, 0, 0, 0.1); width: 100%; max-width: 340px; padding: 25px; transition: transform 0.3s ease-in-out; overflow: visible; display: flex; flex-direction: column; position: relative; border: 1px solid #28a745; margin-top: 70px; margin-bottom: 50px; margin-left: auto; margin-right: auto;\">\n<div style=\"position: absolute; top: -35px; right: 15px; color: #28a745; padding: 5px 10px; border-radius: 6px; font-size: 14px; font-weight: bold; display: flex; align-items: center; z-index: 10;\">Recomendado para si<\/div>\n<div data-namespace-header=\"\" style=\"\">\n<h3 data-namespace-title=\"\" style=\"color: #333; font-size: 20px; font-weight: bold; text-align: left; margin-right: 50px; min-height: 50px; margin-top: 0px;\">Gestor de Distribui\u00e7\u00e3o<\/h3>\n<\/p><\/div>\n<p data-namespace-prompt=\"\" style=\"font-size: 16px; color: #666; margin-bottom: 20px; line-height: 1.5; flex-grow: 1; text-align: left; margin-top: 0px;\">Organize, otimize e lidera equipas na gest\u00e3o de distribui\u00e7\u00e3o. Exige experi\u00eancia em log\u00edstica, compet\u00eancias de lideran\u00e7a, dom\u00ednio em ferramentas digitais e oferece progress\u00e3o de carreira.<\/p>\n<p>    <a data-namespace-url=\"\" href=\"https:\/\/magistrae.com\/es\/redirect\/?https:\/\/jobs.keptpeople.com\/jobs\/gestor-de-distribuicao-m-f-luanda?utm_campaign=google_jobs_apply&#038;utm_source=google_jobs_apply&#038;utm_medium=organic\" style=\"width: 100%; display: inline-block; color: white; text-decoration: none; border-radius: 6px; font-size: 16px; font-weight: bold; text-align: center; transition: transform 0.3s ease, background 0.3s ease; margin-top: auto;\" data-namespace-id=\"5c0d2565-3ba9-4280-a382-ad2a691e2285\"><br \/>\n        <button style=\"width: 100%; height: 55px; background: #e9e9ed; border: 1px solid black; color: black;\">Candidatar-se \u00e0 vaga<\/button><br \/>\n    <\/a><br \/>\n    <small style=\"margin-top: 10px; color: #777; font-size: 12px; text-align: center; display: block;\">Ser\u00e1 redirecionado(a) para outro site<\/small>\n<\/div>\n<p><!-- Introdu\u00e7\u00e3o --><\/p>\n<p>Esta vaga de Gestor de Distribui\u00e7\u00e3o foi recentemente aberta numa empresa s\u00f3lida do setor de alimenta\u00e7\u00e3o e bebidas, com contrato integral e foco em oportunidade de progress\u00e3o profissional. O sal\u00e1rio \u00e9 ajustado \u00e0 experi\u00eancia e perfil do candidato, valorizando compet\u00eancias e dedica\u00e7\u00e3o cont\u00ednua. O ambiente de trabalho aposta no crescimento e desenvolvimento, promovendo estabilidade e valoriza\u00e7\u00e3o dos talentos.<\/p>\n<h2>Fun\u00e7\u00f5es e Responsabilidades<\/h2>\n<p>O dia-a-dia do Gestor de Distribui\u00e7\u00e3o envolve a coordena\u00e7\u00e3o operacional das entregas, liderando equipas e monitorizando cada fase do processo log\u00edstico. A fun\u00e7\u00e3o exige planeamento e acompanhamento detalhado de rotas, gest\u00e3o dos recursos de transporte e supervis\u00e3o do fluxo de mercadorias.<\/p>\n<p>O profissional \u00e9 respons\u00e1vel por assegurar o cumprimento dos prazos e dos n\u00edveis de servi\u00e7o, controlando custos operacionais sempre que poss\u00edvel. Envolvimento com equipas de armaz\u00e9m, compras e opera\u00e7\u00f5es \u00e9 fundamental para garantir efici\u00eancia em todos os dom\u00ednios da log\u00edstica.<\/p>\n<p>Otimiza\u00e7\u00e3o dos processos, an\u00e1lise de oportunidades de melhoria cont\u00ednua e aplica\u00e7\u00e3o das melhores pr\u00e1ticas s\u00e3o expectativas di\u00e1rias desta fun\u00e7\u00e3o. Supervis\u00e3o dos motoristas e operadores log\u00edsticos tamb\u00e9m faz parte das principais tarefas, aliada ao rigor no cumprimento de normas de seguran\u00e7a.<\/p>\n<p>Tratar com profissionalismo desafios inesperados, atuar em ambiente colaborativo e garantir satisfa\u00e7\u00e3o dos clientes s\u00e3o compromissos essenciais. A exig\u00eancia de uso de sistemas ERP e WMS, em conjunto com Excel e PowerPoint, \u00e9 grande.<\/p>\n<h2>Vantagens e Benef\u00edcios<\/h2>\n<p>Um dos pontos altos desta vaga \u00e9 a possibilidade real de progress\u00e3o e desenvolvimento profissional, gra\u00e7as ao ambiente s\u00f3lido e organizado.<\/p>\n<p>A integra\u00e7\u00e3o num contexto de valoriza\u00e7\u00e3o e estabilidade permite que o Gestor de Distribui\u00e7\u00e3o cres\u00e7a em experi\u00eancia, autonomia e reconhecimento dentro da empresa.<\/p>\n<h2>Desvantagens e Desafios<\/h2>\n<p>Apesar das vantagens, a fun\u00e7\u00e3o \u00e9 exigente, especialmente pelo grau de responsabilidade e necessidade de resolu\u00e7\u00e3o r\u00e1pida de problemas log\u00edsticos. \u00c9 um ambiente onde erro pode traduzir-se diretamente em custos ou insatisfa\u00e7\u00e3o dos clientes.<\/p>\n<p>Al\u00e9m disso, a press\u00e3o para otimizar processos e atingir resultados operacionais elevados pode tornar-se um desafio para candidatos sem experi\u00eancia pr\u00e9via forte na \u00e1rea.<\/p>\n<h2>Veredito Final<\/h2>\n<p>A fun\u00e7\u00e3o de Gestor de Distribui\u00e7\u00e3o apresenta excelente oportunidade para quem procura crescer numa \u00e1rea fundamental para qualquer organiza\u00e7\u00e3o. O equil\u00edbrio entre responsabilidade, autonomia e possibilidades de carreira torna esta vaga muito recomendada a profissionais ambiciosos e bem preparados.<\/p>\n<div style=\"background: #ffffff; border-radius: 12px; box-shadow: 0 10px 30px rgba(0, 0, 0, 0.1); width: 100%; max-width: 340px; padding: 25px; transition: transform 0.3s ease-in-out; overflow: visible; display: flex; flex-direction: column; position: relative; border: 1px solid #28a745; margin-top: 70px; margin-bottom: 50px; margin-left: auto; margin-right: auto;\">\n<div style=\"position: absolute; top: -35px; right: 15px; color: #28a745; padding: 5px 10px; border-radius: 6px; font-size: 14px; font-weight: bold; display: flex; align-items: center; z-index: 10;\">Recomendado para si<\/div>\n<div data-namespace-header=\"\" style=\"\">\n<h3 data-namespace-title=\"\" style=\"color: #333; font-size: 20px; font-weight: bold; text-align: left; margin-right: 50px; min-height: 50px; margin-top: 0px;\">Gestor de Distribui\u00e7\u00e3o<\/h3>\n<\/p><\/div>\n<p data-namespace-prompt=\"\" style=\"font-size: 16px; color: #666; margin-bottom: 20px; line-height: 1.5; flex-grow: 1; text-align: left; margin-top: 0px;\">Organize, otimize e lidera equipas na gest\u00e3o de distribui\u00e7\u00e3o. Exige experi\u00eancia em log\u00edstica, compet\u00eancias de lideran\u00e7a, dom\u00ednio em ferramentas digitais e oferece progress\u00e3o de carreira.<\/p>\n<p>    <a data-namespace-url=\"\" href=\"https:\/\/magistrae.com\/es\/redirect\/?https:\/\/jobs.keptpeople.com\/jobs\/gestor-de-distribuicao-m-f-luanda?utm_campaign=google_jobs_apply&#038;utm_source=google_jobs_apply&#038;utm_medium=organic\" style=\"width: 100%; display: inline-block; color: white; text-decoration: none; border-radius: 6px; font-size: 16px; font-weight: bold; text-align: center; transition: transform 0.3s ease, background 0.3s ease; margin-top: auto;\" data-namespace-id=\"5c0d2565-3ba9-4280-a382-ad2a691e2285\"><br \/>\n        <button style=\"width: 100%; height: 55px; background: #e9e9ed; border: 1px solid black; color: black;\">Candidatar-se \u00e0 vaga<\/button><br \/>\n    <\/a><br \/>\n    <small style=\"margin-top: 10px; color: #777; font-size: 12px; text-align: center; display: block;\">Ser\u00e1 redirecionado(a) para outro site<\/small>\n<\/div>","protected":false},"excerpt":{"rendered":"<p>Procura crescer profissionalmente? Gestor de Distribui\u00e7\u00e3o precisa-se, com ambiente de progress\u00e3o e valoriza\u00e7\u00e3o. Veja as fun\u00e7\u00f5es, vantagens e o que esperar da fun\u00e7\u00e3o.<\/p>","protected":false},"author":3,"featured_media":0,"comment_status":"open","ping_status":"open","sticky":false,"template":"","format":"standard","meta":{"_uag_custom_page_level_css":"","site-sidebar-layout":"default","site-content-layout":"","ast-site-content-layout":"","site-content-style":"default","site-sidebar-style":"default","ast-global-header-display":"","ast-banner-title-visibility":"","ast-main-header-display":"","ast-hfb-above-header-display":"","ast-hfb-below-header-display":"","ast-hfb-mobile-header-display":"","site-post-title":"","ast-breadcrumbs-content":"","ast-featured-img":"","footer-sml-layout":"","theme-transparent-header-meta":"","adv-header-id-meta":"","stick-header-meta":"","header-above-stick-meta":"","header-main-stick-meta":"","header-below-stick-meta":"","astra-migrate-meta-layouts":"default","ast-page-background-enabled":"default","ast-page-background-meta":{"desktop":{"background-color":"var(--ast-global-color-4)","background-image":"","background-repeat":"repeat","background-position":"center center","background-size":"auto","background-attachment":"scroll","background-type":"","background-media":"","overlay-type":"","overlay-color":"","overlay-opacity":"","overlay-gradient":""},"tablet":{"background-color":"","background-image":"","background-repeat":"repeat","background-position":"center center","background-size":"auto","background-attachment":"scroll","background-type":"","background-media":"","overlay-type":"","overlay-color":"","overlay-opacity":"","overlay-gradient":""},"mobile":{"background-color":"","background-image":"","background-repeat":"repeat","background-position":"center center","background-size":"auto","background-attachment":"scroll","background-type":"","background-media":"","overlay-type":"","overlay-color":"","overlay-opacity":"","overlay-gradient":""}},"ast-content-background-meta":{"desktop":{"background-color":"var(--ast-global-color-5)","background-image":"","background-repeat":"repeat","background-position":"center center","background-size":"auto","background-attachment":"scroll","background-type":"","background-media":"","overlay-type":"","overlay-color":"","overlay-opacity":"","overlay-gradient":""},"tablet":{"background-color":"var(--ast-global-color-5)","background-image":"","background-repeat":"repeat","background-position":"center center","background-size":"auto","background-attachment":"scroll","background-type":"","background-media":"","overlay-type":"","overlay-color":"","overlay-opacity":"","overlay-gradient":""},"mobile":{"background-color":"var(--ast-global-color-5)","background-image":"","background-repeat":"repeat","background-position":"center center","background-size":"auto","background-attachment":"scroll","background-type":"","background-media":"","overlay-type":"","overlay-color":"","overlay-opacity":"","overlay-gradient":""}},"footnotes":""},"categories":[14],"tags":[],"yoast_head":"<!-- This site is optimized with the Yoast SEO plugin v23.3 - https:\/\/yoast.com\/wordpress\/plugins\/seo\/ -->\n<title>Gestor de Distribui\u00e7\u00e3o (M\/F): Lideran\u00e7a, Crescimento e Optimiza\u00e7\u00e3o Log\u00edstica - Magistrae<\/title>\n<meta name=\"robots\" content=\"index, follow, max-snippet:-1, max-image-preview:large, max-video-preview:-1\" \/>\n<link rel=\"canonical\" href=\"https:\/\/magistrae.com\/es\/791485d9-712b-47f8-bdd2-8f4153ebfd0f\/\" \/>\n<meta property=\"og:locale\" content=\"es_ES\" \/>\n<meta property=\"og:type\" content=\"article\" \/>\n<meta property=\"og:title\" content=\"Gestor de Distribui\u00e7\u00e3o (M\/F): Lideran\u00e7a, Crescimento e Optimiza\u00e7\u00e3o Log\u00edstica - Magistrae\" \/>\n<meta property=\"og:description\" content=\"Procura crescer profissionalmente? Gestor de Distribui\u00e7\u00e3o precisa-se, com ambiente de progress\u00e3o e valoriza\u00e7\u00e3o. Veja as fun\u00e7\u00f5es, vantagens e o que esperar da fun\u00e7\u00e3o.\" \/>\n<meta property=\"og:url\" content=\"https:\/\/magistrae.com\/es\/791485d9-712b-47f8-bdd2-8f4153ebfd0f\/\" \/>\n<meta property=\"og:site_name\" content=\"Magistrae\" \/>\n<meta property=\"article:published_time\" content=\"2026-04-02T02:16:00+00:00\" \/>\n<meta property=\"article:modified_time\" content=\"2026-04-02T02:16:05+00:00\" \/>\n<meta name=\"author\" content=\"Bruno Gianni\" \/>\n<meta name=\"twitter:card\" content=\"summary_large_image\" \/>\n<meta name=\"twitter:label1\" content=\"Written by\" \/>\n\t<meta name=\"twitter:data1\" content=\"Bruno Gianni\" \/>\n\t<meta name=\"twitter:label2\" content=\"Est. reading time\" \/>\n\t<meta name=\"twitter:data2\" content=\"3 minutos\" \/>\n<script type=\"application\/ld+json\" class=\"yoast-schema-graph\">{\"@context\":\"https:\/\/schema.org\",\"@graph\":[{\"@type\":\"Article\",\"@id\":\"https:\/\/magistrae.com\/791485d9-712b-47f8-bdd2-8f4153ebfd0f\/#article\",\"isPartOf\":{\"@id\":\"https:\/\/magistrae.com\/791485d9-712b-47f8-bdd2-8f4153ebfd0f\/\"},\"author\":{\"name\":\"Bruno Gianni\",\"@id\":\"https:\/\/magistrae.com\/#\/schema\/person\/d52888235fd6563bd07d97185d6a61e4\"},\"headline\":\"Gestor de Distribui\u00e7\u00e3o (M\/F): Lideran\u00e7a, Crescimento e Optimiza\u00e7\u00e3o Log\u00edstica\",\"datePublished\":\"2026-04-02T02:16:00+00:00\",\"dateModified\":\"2026-04-02T02:16:05+00:00\",\"mainEntityOfPage\":{\"@id\":\"https:\/\/magistrae.com\/791485d9-712b-47f8-bdd2-8f4153ebfd0f\/\"},\"wordCount\":530,\"commentCount\":0,\"publisher\":{\"@id\":\"https:\/\/magistrae.com\/#organization\"},\"articleSection\":[\"Hidden\"],\"inLanguage\":\"es\",\"potentialAction\":[{\"@type\":\"CommentAction\",\"name\":\"Comment\",\"target\":[\"https:\/\/magistrae.com\/791485d9-712b-47f8-bdd2-8f4153ebfd0f\/#respond\"]}]},{\"@type\":\"WebPage\",\"@id\":\"https:\/\/magistrae.com\/791485d9-712b-47f8-bdd2-8f4153ebfd0f\/\",\"url\":\"https:\/\/magistrae.com\/791485d9-712b-47f8-bdd2-8f4153ebfd0f\/\",\"name\":\"Gestor de Distribui\u00e7\u00e3o (M\/F): Lideran\u00e7a, Crescimento e Optimiza\u00e7\u00e3o Log\u00edstica - Magistrae\",\"isPartOf\":{\"@id\":\"https:\/\/magistrae.com\/#website\"},\"datePublished\":\"2026-04-02T02:16:00+00:00\",\"dateModified\":\"2026-04-02T02:16:05+00:00\",\"breadcrumb\":{\"@id\":\"https:\/\/magistrae.com\/791485d9-712b-47f8-bdd2-8f4153ebfd0f\/#breadcrumb\"},\"inLanguage\":\"es\",\"potentialAction\":[{\"@type\":\"ReadAction\",\"target\":[\"https:\/\/magistrae.com\/791485d9-712b-47f8-bdd2-8f4153ebfd0f\/\"]}]},{\"@type\":\"BreadcrumbList\",\"@id\":\"https:\/\/magistrae.com\/791485d9-712b-47f8-bdd2-8f4153ebfd0f\/#breadcrumb\",\"itemListElement\":[{\"@type\":\"ListItem\",\"position\":1,\"name\":\"Home\",\"item\":\"https:\/\/magistrae.com\/\"},{\"@type\":\"ListItem\",\"position\":2,\"name\":\"Gestor de Distribui\u00e7\u00e3o (M\/F): Lideran\u00e7a, Crescimento e Optimiza\u00e7\u00e3o Log\u00edstica\"}]},{\"@type\":\"WebSite\",\"@id\":\"https:\/\/magistrae.com\/#website\",\"url\":\"https:\/\/magistrae.com\/\",\"name\":\"Magistrae\",\"description\":\"\",\"publisher\":{\"@id\":\"https:\/\/magistrae.com\/#organization\"},\"potentialAction\":[{\"@type\":\"SearchAction\",\"target\":{\"@type\":\"EntryPoint\",\"urlTemplate\":\"https:\/\/magistrae.com\/?s={search_term_string}\"},\"query-input\":\"required name=search_term_string\"}],\"inLanguage\":\"es\"},{\"@type\":\"Organization\",\"@id\":\"https:\/\/magistrae.com\/#organization\",\"name\":\"Magistrae\",\"url\":\"https:\/\/magistrae.com\/\",\"logo\":{\"@type\":\"ImageObject\",\"inLanguage\":\"es\",\"@id\":\"https:\/\/magistrae.com\/#\/schema\/logo\/image\/\",\"url\":\"https:\/\/magistrae.com\/wp-content\/uploads\/sites\/413\/2026\/03\/9_Magistrae.jpg\",\"contentUrl\":\"https:\/\/magistrae.com\/wp-content\/uploads\/sites\/413\/2026\/03\/9_Magistrae.jpg\",\"width\":2000,\"height\":2000,\"caption\":\"Magistrae\"},\"image\":{\"@id\":\"https:\/\/magistrae.com\/#\/schema\/logo\/image\/\"}},{\"@type\":\"Person\",\"@id\":\"https:\/\/magistrae.com\/#\/schema\/person\/d52888235fd6563bd07d97185d6a61e4\",\"name\":\"Bruno Gianni\",\"image\":{\"@type\":\"ImageObject\",\"inLanguage\":\"es\",\"@id\":\"https:\/\/magistrae.com\/#\/schema\/person\/image\/\",\"url\":\"https:\/\/secure.gravatar.com\/avatar\/0f5d42d7bf77874643c1478932860e3f?s=96&d=mm&r=g\",\"contentUrl\":\"https:\/\/secure.gravatar.com\/avatar\/0f5d42d7bf77874643c1478932860e3f?s=96&d=mm&r=g\",\"caption\":\"Bruno Gianni\"},\"description\":\"Bruno writes the way he lives, with curiosity, care, and respect for people. He likes to observe, listen, and try to understand what is happening on the other side before putting any words on the page.For him, writing is not about impressing, but about getting closer. It is about turning thoughts into something simple, clear, and real. Every text is an ongoing conversation, created with care and honesty, with the sincere intention of touching someone, somewhere along the way.\",\"url\":\"https:\/\/magistrae.com\/es\/author\/bcgianni\/\"}]}<\/script>\n<!-- \/ Yoast SEO plugin. -->","yoast_head_json":{"title":"Gestor de Distribui\u00e7\u00e3o (M\/F): Lideran\u00e7a, Crescimento e Optimiza\u00e7\u00e3o Log\u00edstica - Magistrae","robots":{"index":"index","follow":"follow","max-snippet":"max-snippet:-1","max-image-preview":"max-image-preview:large","max-video-preview":"max-video-preview:-1"},"canonical":"https:\/\/magistrae.com\/es\/791485d9-712b-47f8-bdd2-8f4153ebfd0f\/","og_locale":"es_ES","og_type":"article","og_title":"Gestor de Distribui\u00e7\u00e3o (M\/F): Lideran\u00e7a, Crescimento e Optimiza\u00e7\u00e3o Log\u00edstica - Magistrae","og_description":"Procura crescer profissionalmente? Gestor de Distribui\u00e7\u00e3o precisa-se, com ambiente de progress\u00e3o e valoriza\u00e7\u00e3o. Veja as fun\u00e7\u00f5es, vantagens e o que esperar da fun\u00e7\u00e3o.","og_url":"https:\/\/magistrae.com\/es\/791485d9-712b-47f8-bdd2-8f4153ebfd0f\/","og_site_name":"Magistrae","article_published_time":"2026-04-02T02:16:00+00:00","article_modified_time":"2026-04-02T02:16:05+00:00","author":"Bruno Gianni","twitter_card":"summary_large_image","twitter_misc":{"Written by":"Bruno Gianni","Est. reading time":"3 minutos"},"schema":{"@context":"https:\/\/schema.org","@graph":[{"@type":"Article","@id":"https:\/\/magistrae.com\/791485d9-712b-47f8-bdd2-8f4153ebfd0f\/#article","isPartOf":{"@id":"https:\/\/magistrae.com\/791485d9-712b-47f8-bdd2-8f4153ebfd0f\/"},"author":{"name":"Bruno Gianni","@id":"https:\/\/magistrae.com\/#\/schema\/person\/d52888235fd6563bd07d97185d6a61e4"},"headline":"Gestor de Distribui\u00e7\u00e3o (M\/F): Lideran\u00e7a, Crescimento e Optimiza\u00e7\u00e3o Log\u00edstica","datePublished":"2026-04-02T02:16:00+00:00","dateModified":"2026-04-02T02:16:05+00:00","mainEntityOfPage":{"@id":"https:\/\/magistrae.com\/791485d9-712b-47f8-bdd2-8f4153ebfd0f\/"},"wordCount":530,"commentCount":0,"publisher":{"@id":"https:\/\/magistrae.com\/#organization"},"articleSection":["Hidden"],"inLanguage":"es","potentialAction":[{"@type":"CommentAction","name":"Comment","target":["https:\/\/magistrae.com\/791485d9-712b-47f8-bdd2-8f4153ebfd0f\/#respond"]}]},{"@type":"WebPage","@id":"https:\/\/magistrae.com\/791485d9-712b-47f8-bdd2-8f4153ebfd0f\/","url":"https:\/\/magistrae.com\/791485d9-712b-47f8-bdd2-8f4153ebfd0f\/","name":"Gestor de Distribui\u00e7\u00e3o (M\/F): Lideran\u00e7a, Crescimento e Optimiza\u00e7\u00e3o Log\u00edstica - Magistrae","isPartOf":{"@id":"https:\/\/magistrae.com\/#website"},"datePublished":"2026-04-02T02:16:00+00:00","dateModified":"2026-04-02T02:16:05+00:00","breadcrumb":{"@id":"https:\/\/magistrae.com\/791485d9-712b-47f8-bdd2-8f4153ebfd0f\/#breadcrumb"},"inLanguage":"es","potentialAction":[{"@type":"ReadAction","target":["https:\/\/magistrae.com\/791485d9-712b-47f8-bdd2-8f4153ebfd0f\/"]}]},{"@type":"BreadcrumbList","@id":"https:\/\/magistrae.com\/791485d9-712b-47f8-bdd2-8f4153ebfd0f\/#breadcrumb","itemListElement":[{"@type":"ListItem","position":1,"name":"Home","item":"https:\/\/magistrae.com\/"},{"@type":"ListItem","position":2,"name":"Gestor de Distribui\u00e7\u00e3o (M\/F): Lideran\u00e7a, Crescimento e Optimiza\u00e7\u00e3o Log\u00edstica"}]},{"@type":"WebSite","@id":"https:\/\/magistrae.com\/#website","url":"https:\/\/magistrae.com\/","name":"Magistrae","description":"","publisher":{"@id":"https:\/\/magistrae.com\/#organization"},"potentialAction":[{"@type":"SearchAction","target":{"@type":"EntryPoint","urlTemplate":"https:\/\/magistrae.com\/?s={search_term_string}"},"query-input":"required name=search_term_string"}],"inLanguage":"es"},{"@type":"Organization","@id":"https:\/\/magistrae.com\/#organization","name":"Magistrae","url":"https:\/\/magistrae.com\/","logo":{"@type":"ImageObject","inLanguage":"es","@id":"https:\/\/magistrae.com\/#\/schema\/logo\/image\/","url":"https:\/\/magistrae.com\/wp-content\/uploads\/sites\/413\/2026\/03\/9_Magistrae.jpg","contentUrl":"https:\/\/magistrae.com\/wp-content\/uploads\/sites\/413\/2026\/03\/9_Magistrae.jpg","width":2000,"height":2000,"caption":"Magistrae"},"image":{"@id":"https:\/\/magistrae.com\/#\/schema\/logo\/image\/"}},{"@type":"Person","@id":"https:\/\/magistrae.com\/#\/schema\/person\/d52888235fd6563bd07d97185d6a61e4","name":"Bruno Gianni","image":{"@type":"ImageObject","inLanguage":"es","@id":"https:\/\/magistrae.com\/#\/schema\/person\/image\/","url":"https:\/\/secure.gravatar.com\/avatar\/0f5d42d7bf77874643c1478932860e3f?s=96&d=mm&r=g","contentUrl":"https:\/\/secure.gravatar.com\/avatar\/0f5d42d7bf77874643c1478932860e3f?s=96&d=mm&r=g","caption":"Bruno Gianni"},"description":"Bruno writes the way he lives, with curiosity, care, and respect for people. He likes to observe, listen, and try to understand what is happening on the other side before putting any words on the page.For him, writing is not about impressing, but about getting closer. It is about turning thoughts into something simple, clear, and real. Every text is an ongoing conversation, created with care and honesty, with the sincere intention of touching someone, somewhere along the way.","url":"https:\/\/magistrae.com\/es\/author\/bcgianni\/"}]}},"uagb_featured_image_src":{"full":false,"thumbnail":false,"medium":false,"medium_large":false,"large":false,"1536x1536":false,"2048x2048":false,"trp-custom-language-flag":false},"uagb_author_info":{"display_name":"Bruno Gianni","author_link":"https:\/\/magistrae.com\/es\/author\/bcgianni\/"},"uagb_comment_info":0,"uagb_excerpt":"Procura crescer profissionalmente? Gestor de Distribui\u00e7\u00e3o precisa-se, com ambiente de progress\u00e3o e valoriza\u00e7\u00e3o. Veja as fun\u00e7\u00f5es, vantagens e o que esperar da fun\u00e7\u00e3o.","_links":{"self":[{"href":"https:\/\/magistrae.com\/es\/wp-json\/wp\/v2\/posts\/11316"}],"collection":[{"href":"https:\/\/magistrae.com\/es\/wp-json\/wp\/v2\/posts"}],"about":[{"href":"https:\/\/magistrae.com\/es\/wp-json\/wp\/v2\/types\/post"}],"author":[{"embeddable":true,"href":"https:\/\/magistrae.com\/es\/wp-json\/wp\/v2\/users\/3"}],"replies":[{"embeddable":true,"href":"https:\/\/magistrae.com\/es\/wp-json\/wp\/v2\/comments?post=11316"}],"version-history":[{"count":1,"href":"https:\/\/magistrae.com\/es\/wp-json\/wp\/v2\/posts\/11316\/revisions"}],"predecessor-version":[{"id":11327,"href":"https:\/\/magistrae.com\/es\/wp-json\/wp\/v2\/posts\/11316\/revisions\/11327"}],"wp:attachment":[{"href":"https:\/\/magistrae.com\/es\/wp-json\/wp\/v2\/media?parent=11316"}],"wp:term":[{"taxonomy":"category","embeddable":true,"href":"https:\/\/magistrae.com\/es\/wp-json\/wp\/v2\/categories?post=11316"},{"taxonomy":"post_tag","embeddable":true,"href":"https:\/\/magistrae.com\/es\/wp-json\/wp\/v2\/tags?post=11316"}],"curies":[{"name":"wp","href":"https:\/\/api.w.org\/{rel}","templated":true}]}}