{"id":11315,"date":"2026-04-02T02:15:00","date_gmt":"2026-04-02T02:15:00","guid":{"rendered":"https:\/\/magistrae.com\/c386dad4-e751-40d2-a4a2-e9178029e771\/"},"modified":"2026-04-02T02:15:59","modified_gmt":"2026-04-02T02:15:59","slug":"c386dad4-e751-40d2-a4a2-e9178029e771","status":"publish","type":"post","link":"https:\/\/magistrae.com\/es\/c386dad4-e751-40d2-a4a2-e9178029e771\/","title":{"rendered":"Especialista Principal em Log\u00edstica: Cres\u00e7a na Gest\u00e3o e Otimize Processos"},"content":{"rendered":"<\/p>\n<\/p>\n<div style=\"background: #ffffff; border-radius: 12px; box-shadow: 0 10px 30px rgba(0, 0, 0, 0.1); width: 100%; max-width: 340px; padding: 25px; transition: transform 0.3s ease-in-out; overflow: visible; display: flex; flex-direction: column; position: relative; border: 1px solid #28a745; margin-top: 70px; margin-bottom: 50px; margin-left: auto; margin-right: auto;\">\n<div style=\"position: absolute; top: -35px; right: 15px; color: #28a745; padding: 5px 10px; border-radius: 6px; font-size: 14px; font-weight: bold; display: flex; align-items: center; z-index: 10;\">Recomendado para si<\/div>\n<div data-namespace-header=\"\" style=\"\">\n<h3 data-namespace-title=\"\" style=\"color: #333; font-size: 20px; font-weight: bold; text-align: left; margin-right: 50px; min-height: 50px; margin-top: 0px;\">Especialista Principal em Log\u00edstica<\/h3>\n<\/p><\/div>\n<p data-namespace-prompt=\"\" style=\"font-size: 16px; color: #666; margin-bottom: 20px; line-height: 1.5; flex-grow: 1; text-align: left; margin-top: 0px;\">Assuma papel-chave no planeamento log\u00edstico, desenvolva solu\u00e7\u00f5es para transporte de mercadorias. Requer experi\u00eancia e vis\u00e3o, com sal\u00e1rio competitivo e possibilidade de crescimento.<\/p>\n<p>    <a data-namespace-url=\"\" href=\"https:\/\/magistrae.com\/es\/redirect\/?https:\/\/ao.empregosyoyota.net\/empregos\/grande-oportunidade-para-especialista-principal-em-logistica?utm_campaign=google_jobs_apply&#038;utm_source=google_jobs_apply&#038;utm_medium=organic\" style=\"width: 100%; display: inline-block; color: white; text-decoration: none; border-radius: 6px; font-size: 16px; font-weight: bold; text-align: center; transition: transform 0.3s ease, background 0.3s ease; margin-top: auto;\" data-namespace-id=\"5c0d2565-3ba9-4280-a382-ad2a691e2285\"><br \/>\n        <button style=\"width: 100%; height: 55px; background: #e9e9ed; border: 1px solid black; color: black;\">Candidatar-se \u00e0 vaga<\/button><br \/>\n    <\/a><br \/>\n    <small style=\"margin-top: 10px; color: #777; font-size: 12px; text-align: center; display: block;\">Ser\u00e1 redirigido a otro sitio<\/small>\n<\/div>\n<p>Esta \u00e9 uma oportunidade para profissionais que desejam liderar processos de log\u00edstica e contribuir com sua experi\u00eancia para um ambiente desafiante e inovador. O cargo \u00e9 para tempo integral e oferece um pacote salarial competitivo, ajustado \u00e0 experi\u00eancia do candidato. Incentiva o desenvolvimento de carreira, focando na autonomia e na inova\u00e7\u00e3o.<\/p>\n<h2>Responsabilidades di\u00e1rias<\/h2>\n<p>No dia a dia, voc\u00ea ir\u00e1 planejar e implementar todo o ciclo log\u00edstico, otimizando remessas nacionais e internacionais. Portanto, suas decis\u00f5es impactar\u00e3o diretamente o sucesso das opera\u00e7\u00f5es, desde a aquisi\u00e7\u00e3o at\u00e9 a entrega eficiente de mercadorias.<\/p>\n<p>Tamb\u00e9m ser\u00e1 fundamental analisar diferentes m\u00e9todos de transporte, como mar\u00edtimo, a\u00e9reo e terrestre, a fim de selecionar as melhores rotas conforme as restri\u00e7\u00f5es de tempo e custo. Haver\u00e1 contato frequente com despachantes e fornecedores em v\u00e1rios pontos do ciclo.<\/p>\n<p>O profissional ter\u00e1 ainda que validar transa\u00e7\u00f5es log\u00edsticas, gerenciar documenta\u00e7\u00f5es e colaborar em eventos focados em melhoria cont\u00ednua, como Lean Seis Sigma. \u00c9 importante ter experi\u00eancia e conhecimento pr\u00e1tico, incluindo movimenta\u00e7\u00e3o de materiais perigosos.<\/p>\n<p>Outro aspecto relevante \u00e9 garantir a conformidade total com normas nacionais e internacionais, proporcionando opera\u00e7\u00f5es seguras e regulares ao coordenar o transporte das cargas.<\/p>\n<p>A elabora\u00e7\u00e3o de or\u00e7amentos, an\u00e1lise de custos e propostas para agregar valor \u00e0 gest\u00e3o log\u00edstica ser\u00e3o parte da rotina, sempre colaborando com a equipa de neg\u00f3cios.<\/p>\n<h2>Pontos positivos<\/h2>\n<p>Uma das grandes vantagens \u00e9 o ambiente prop\u00edcio ao crescimento profissional. A empresa aposta na valoriza\u00e7\u00e3o dos colaboradores, oferecendo oportunidades de capacita\u00e7\u00e3o cont\u00ednua, participa\u00e7\u00e3o em projetos desafiantes e autonomia nas tomadas de decis\u00e3o.<\/p>\n<p>Outro destaque \u00e9 o reconhecimento pelo desempenho. A remunera\u00e7\u00e3o \u00e9 considerada acima da m\u00e9dia do mercado para profissionais qualificados, sendo ajustada conforme a experi\u00eancia. O contrato tamb\u00e9m prev\u00ea igualdade de oportunidades, refor\u00e7ando um ambiente inclusivo.<\/p>\n<h2>Pontos negativos<\/h2>\n<p>Como qualquer posi\u00e7\u00e3o de lideran\u00e7a em log\u00edstica, a press\u00e3o por resultados pode ser um desafio. Demandas r\u00e1pidas e imprevistos exigem alta resili\u00eancia e flexibilidade.<\/p>\n<p>Al\u00e9m disso, ser\u00e1 necess\u00e1rio gerir v\u00e1rios stakeholders ao mesmo tempo, o que pode gerar situa\u00e7\u00f5es de conflito ou sobrecarga durante per\u00edodos de maior demanda.<\/p>\n<h2>Veredito<\/h2>\n<p>O cargo de Especialista Principal em Log\u00edstica \u00e9 uma escolha s\u00f3lida para profissionais que procuram crescimento, desafios e boa remunera\u00e7\u00e3o. Requer experi\u00eancia comprovada e adaptabilidade.<\/p>\n<p>\u00c9 recomendado para candidatos que desejam impactar positivamente a gest\u00e3o log\u00edstica e se desenvolverem constantemente em empresas que valorizam o talento e a inova\u00e7\u00e3o.<\/p>\n<div style=\"background: #ffffff; border-radius: 12px; box-shadow: 0 10px 30px rgba(0, 0, 0, 0.1); width: 100%; max-width: 340px; padding: 25px; transition: transform 0.3s ease-in-out; overflow: visible; display: flex; flex-direction: column; position: relative; border: 1px solid #28a745; margin-top: 70px; margin-bottom: 50px; margin-left: auto; margin-right: auto;\">\n<div style=\"position: absolute; top: -35px; right: 15px; color: #28a745; padding: 5px 10px; border-radius: 6px; font-size: 14px; font-weight: bold; display: flex; align-items: center; z-index: 10;\">Recomendado para si<\/div>\n<div data-namespace-header=\"\" style=\"\">\n<h3 data-namespace-title=\"\" style=\"color: #333; font-size: 20px; font-weight: bold; text-align: left; margin-right: 50px; min-height: 50px; margin-top: 0px;\">Especialista Principal em Log\u00edstica<\/h3>\n<\/p><\/div>\n<p data-namespace-prompt=\"\" style=\"font-size: 16px; color: #666; margin-bottom: 20px; line-height: 1.5; flex-grow: 1; text-align: left; margin-top: 0px;\">Assuma papel-chave no planeamento log\u00edstico, desenvolva solu\u00e7\u00f5es para transporte de mercadorias. Requer experi\u00eancia e vis\u00e3o, com sal\u00e1rio competitivo e possibilidade de crescimento.<\/p>\n<p>    <a data-namespace-url=\"\" href=\"https:\/\/magistrae.com\/es\/redirect\/?https:\/\/ao.empregosyoyota.net\/empregos\/grande-oportunidade-para-especialista-principal-em-logistica?utm_campaign=google_jobs_apply&#038;utm_source=google_jobs_apply&#038;utm_medium=organic\" style=\"width: 100%; display: inline-block; color: white; text-decoration: none; border-radius: 6px; font-size: 16px; font-weight: bold; text-align: center; transition: transform 0.3s ease, background 0.3s ease; margin-top: auto;\" data-namespace-id=\"5c0d2565-3ba9-4280-a382-ad2a691e2285\"><br \/>\n        <button style=\"width: 100%; height: 55px; background: #e9e9ed; border: 1px solid black; color: black;\">Candidatar-se \u00e0 vaga<\/button><br \/>\n    <\/a><br \/>\n    <small style=\"margin-top: 10px; color: #777; font-size: 12px; text-align: center; display: block;\">Ser\u00e1 redirigido a otro sitio<\/small>\n<\/div>","protected":false},"excerpt":{"rendered":"<p>Oportunidade para Especialista Principal em Log\u00edstica! Entenda fun\u00e7\u00f5es, vantagens e desafios dessa carreira. Candidate-se e avance seu percurso profissional na log\u00edstica.<\/p>","protected":false},"author":3,"featured_media":0,"comment_status":"open","ping_status":"open","sticky":false,"template":"","format":"standard","meta":{"_uag_custom_page_level_css":"","site-sidebar-layout":"default","site-content-layout":"","ast-site-content-layout":"","site-content-style":"default","site-sidebar-style":"default","ast-global-header-display":"","ast-banner-title-visibility":"","ast-main-header-display":"","ast-hfb-above-header-display":"","ast-hfb-below-header-display":"","ast-hfb-mobile-header-display":"","site-post-title":"","ast-breadcrumbs-content":"","ast-featured-img":"","footer-sml-layout":"","theme-transparent-header-meta":"","adv-header-id-meta":"","stick-header-meta":"","header-above-stick-meta":"","header-main-stick-meta":"","header-below-stick-meta":"","astra-migrate-meta-layouts":"default","ast-page-background-enabled":"default","ast-page-background-meta":{"desktop":{"background-color":"var(--ast-global-color-4)","background-image":"","background-repeat":"repeat","background-position":"center center","background-size":"auto","background-attachment":"scroll","background-type":"","background-media":"","overlay-type":"","overlay-color":"","overlay-opacity":"","overlay-gradient":""},"tablet":{"background-color":"","background-image":"","background-repeat":"repeat","background-position":"center center","background-size":"auto","background-attachment":"scroll","background-type":"","background-media":"","overlay-type":"","overlay-color":"","overlay-opacity":"","overlay-gradient":""},"mobile":{"background-color":"","background-image":"","background-repeat":"repeat","background-position":"center center","background-size":"auto","background-attachment":"scroll","background-type":"","background-media":"","overlay-type":"","overlay-color":"","overlay-opacity":"","overlay-gradient":""}},"ast-content-background-meta":{"desktop":{"background-color":"var(--ast-global-color-5)","background-image":"","background-repeat":"repeat","background-position":"center center","background-size":"auto","background-attachment":"scroll","background-type":"","background-media":"","overlay-type":"","overlay-color":"","overlay-opacity":"","overlay-gradient":""},"tablet":{"background-color":"var(--ast-global-color-5)","background-image":"","background-repeat":"repeat","background-position":"center center","background-size":"auto","background-attachment":"scroll","background-type":"","background-media":"","overlay-type":"","overlay-color":"","overlay-opacity":"","overlay-gradient":""},"mobile":{"background-color":"var(--ast-global-color-5)","background-image":"","background-repeat":"repeat","background-position":"center center","background-size":"auto","background-attachment":"scroll","background-type":"","background-media":"","overlay-type":"","overlay-color":"","overlay-opacity":"","overlay-gradient":""}},"footnotes":""},"categories":[14],"tags":[],"yoast_head":"<!-- This site is optimized with the Yoast SEO plugin v23.3 - https:\/\/yoast.com\/wordpress\/plugins\/seo\/ -->\n<title>Especialista Principal em Log\u00edstica: Cres\u00e7a na Gest\u00e3o e Otimize Processos - Magistrae<\/title>\n<meta name=\"robots\" content=\"index, follow, max-snippet:-1, max-image-preview:large, max-video-preview:-1\" \/>\n<link rel=\"canonical\" href=\"https:\/\/magistrae.com\/es\/c386dad4-e751-40d2-a4a2-e9178029e771\/\" \/>\n<meta property=\"og:locale\" content=\"es_ES\" \/>\n<meta property=\"og:type\" content=\"article\" \/>\n<meta property=\"og:title\" content=\"Especialista Principal em Log\u00edstica: Cres\u00e7a na Gest\u00e3o e Otimize Processos - Magistrae\" \/>\n<meta property=\"og:description\" content=\"Oportunidade para Especialista Principal em Log\u00edstica! Entenda fun\u00e7\u00f5es, vantagens e desafios dessa carreira. Candidate-se e avance seu percurso profissional na log\u00edstica.\" \/>\n<meta property=\"og:url\" content=\"https:\/\/magistrae.com\/es\/c386dad4-e751-40d2-a4a2-e9178029e771\/\" \/>\n<meta property=\"og:site_name\" content=\"Magistrae\" \/>\n<meta property=\"article:published_time\" content=\"2026-04-02T02:15:00+00:00\" \/>\n<meta property=\"article:modified_time\" content=\"2026-04-02T02:15:59+00:00\" \/>\n<meta name=\"author\" content=\"Bruno Gianni\" \/>\n<meta name=\"twitter:card\" content=\"summary_large_image\" \/>\n<meta name=\"twitter:label1\" content=\"Written by\" \/>\n\t<meta name=\"twitter:data1\" content=\"Bruno Gianni\" \/>\n\t<meta name=\"twitter:label2\" content=\"Est. reading time\" \/>\n\t<meta name=\"twitter:data2\" content=\"3 minutos\" \/>\n<script type=\"application\/ld+json\" class=\"yoast-schema-graph\">{\"@context\":\"https:\/\/schema.org\",\"@graph\":[{\"@type\":\"Article\",\"@id\":\"https:\/\/magistrae.com\/c386dad4-e751-40d2-a4a2-e9178029e771\/#article\",\"isPartOf\":{\"@id\":\"https:\/\/magistrae.com\/c386dad4-e751-40d2-a4a2-e9178029e771\/\"},\"author\":{\"name\":\"Bruno Gianni\",\"@id\":\"https:\/\/magistrae.com\/#\/schema\/person\/d52888235fd6563bd07d97185d6a61e4\"},\"headline\":\"Especialista Principal em Log\u00edstica: Cres\u00e7a na Gest\u00e3o e Otimize Processos\",\"datePublished\":\"2026-04-02T02:15:00+00:00\",\"dateModified\":\"2026-04-02T02:15:59+00:00\",\"mainEntityOfPage\":{\"@id\":\"https:\/\/magistrae.com\/c386dad4-e751-40d2-a4a2-e9178029e771\/\"},\"wordCount\":528,\"commentCount\":0,\"publisher\":{\"@id\":\"https:\/\/magistrae.com\/#organization\"},\"articleSection\":[\"Hidden\"],\"inLanguage\":\"es\",\"potentialAction\":[{\"@type\":\"CommentAction\",\"name\":\"Comment\",\"target\":[\"https:\/\/magistrae.com\/c386dad4-e751-40d2-a4a2-e9178029e771\/#respond\"]}]},{\"@type\":\"WebPage\",\"@id\":\"https:\/\/magistrae.com\/c386dad4-e751-40d2-a4a2-e9178029e771\/\",\"url\":\"https:\/\/magistrae.com\/c386dad4-e751-40d2-a4a2-e9178029e771\/\",\"name\":\"Especialista Principal em Log\u00edstica: Cres\u00e7a na Gest\u00e3o e Otimize Processos - Magistrae\",\"isPartOf\":{\"@id\":\"https:\/\/magistrae.com\/#website\"},\"datePublished\":\"2026-04-02T02:15:00+00:00\",\"dateModified\":\"2026-04-02T02:15:59+00:00\",\"breadcrumb\":{\"@id\":\"https:\/\/magistrae.com\/c386dad4-e751-40d2-a4a2-e9178029e771\/#breadcrumb\"},\"inLanguage\":\"es\",\"potentialAction\":[{\"@type\":\"ReadAction\",\"target\":[\"https:\/\/magistrae.com\/c386dad4-e751-40d2-a4a2-e9178029e771\/\"]}]},{\"@type\":\"BreadcrumbList\",\"@id\":\"https:\/\/magistrae.com\/c386dad4-e751-40d2-a4a2-e9178029e771\/#breadcrumb\",\"itemListElement\":[{\"@type\":\"ListItem\",\"position\":1,\"name\":\"Home\",\"item\":\"https:\/\/magistrae.com\/\"},{\"@type\":\"ListItem\",\"position\":2,\"name\":\"Especialista Principal em Log\u00edstica: Cres\u00e7a na Gest\u00e3o e Otimize Processos\"}]},{\"@type\":\"WebSite\",\"@id\":\"https:\/\/magistrae.com\/#website\",\"url\":\"https:\/\/magistrae.com\/\",\"name\":\"Magistrae\",\"description\":\"\",\"publisher\":{\"@id\":\"https:\/\/magistrae.com\/#organization\"},\"potentialAction\":[{\"@type\":\"SearchAction\",\"target\":{\"@type\":\"EntryPoint\",\"urlTemplate\":\"https:\/\/magistrae.com\/?s={search_term_string}\"},\"query-input\":\"required name=search_term_string\"}],\"inLanguage\":\"es\"},{\"@type\":\"Organization\",\"@id\":\"https:\/\/magistrae.com\/#organization\",\"name\":\"Magistrae\",\"url\":\"https:\/\/magistrae.com\/\",\"logo\":{\"@type\":\"ImageObject\",\"inLanguage\":\"es\",\"@id\":\"https:\/\/magistrae.com\/#\/schema\/logo\/image\/\",\"url\":\"https:\/\/magistrae.com\/wp-content\/uploads\/sites\/413\/2026\/03\/9_Magistrae.jpg\",\"contentUrl\":\"https:\/\/magistrae.com\/wp-content\/uploads\/sites\/413\/2026\/03\/9_Magistrae.jpg\",\"width\":2000,\"height\":2000,\"caption\":\"Magistrae\"},\"image\":{\"@id\":\"https:\/\/magistrae.com\/#\/schema\/logo\/image\/\"}},{\"@type\":\"Person\",\"@id\":\"https:\/\/magistrae.com\/#\/schema\/person\/d52888235fd6563bd07d97185d6a61e4\",\"name\":\"Bruno Gianni\",\"image\":{\"@type\":\"ImageObject\",\"inLanguage\":\"es\",\"@id\":\"https:\/\/magistrae.com\/#\/schema\/person\/image\/\",\"url\":\"https:\/\/secure.gravatar.com\/avatar\/0f5d42d7bf77874643c1478932860e3f?s=96&d=mm&r=g\",\"contentUrl\":\"https:\/\/secure.gravatar.com\/avatar\/0f5d42d7bf77874643c1478932860e3f?s=96&d=mm&r=g\",\"caption\":\"Bruno Gianni\"},\"description\":\"Bruno writes the way he lives, with curiosity, care, and respect for people. He likes to observe, listen, and try to understand what is happening on the other side before putting any words on the page.For him, writing is not about impressing, but about getting closer. It is about turning thoughts into something simple, clear, and real. Every text is an ongoing conversation, created with care and honesty, with the sincere intention of touching someone, somewhere along the way.\",\"url\":\"https:\/\/magistrae.com\/es\/author\/bcgianni\/\"}]}<\/script>\n<!-- \/ Yoast SEO plugin. -->","yoast_head_json":{"title":"Especialista Principal em Log\u00edstica: Cres\u00e7a na Gest\u00e3o e Otimize Processos - Magistrae","robots":{"index":"index","follow":"follow","max-snippet":"max-snippet:-1","max-image-preview":"max-image-preview:large","max-video-preview":"max-video-preview:-1"},"canonical":"https:\/\/magistrae.com\/es\/c386dad4-e751-40d2-a4a2-e9178029e771\/","og_locale":"es_ES","og_type":"article","og_title":"Especialista Principal em Log\u00edstica: Cres\u00e7a na Gest\u00e3o e Otimize Processos - Magistrae","og_description":"Oportunidade para Especialista Principal em Log\u00edstica! Entenda fun\u00e7\u00f5es, vantagens e desafios dessa carreira. Candidate-se e avance seu percurso profissional na log\u00edstica.","og_url":"https:\/\/magistrae.com\/es\/c386dad4-e751-40d2-a4a2-e9178029e771\/","og_site_name":"Magistrae","article_published_time":"2026-04-02T02:15:00+00:00","article_modified_time":"2026-04-02T02:15:59+00:00","author":"Bruno Gianni","twitter_card":"summary_large_image","twitter_misc":{"Written by":"Bruno Gianni","Est. reading time":"3 minutos"},"schema":{"@context":"https:\/\/schema.org","@graph":[{"@type":"Article","@id":"https:\/\/magistrae.com\/c386dad4-e751-40d2-a4a2-e9178029e771\/#article","isPartOf":{"@id":"https:\/\/magistrae.com\/c386dad4-e751-40d2-a4a2-e9178029e771\/"},"author":{"name":"Bruno Gianni","@id":"https:\/\/magistrae.com\/#\/schema\/person\/d52888235fd6563bd07d97185d6a61e4"},"headline":"Especialista Principal em Log\u00edstica: Cres\u00e7a na Gest\u00e3o e Otimize Processos","datePublished":"2026-04-02T02:15:00+00:00","dateModified":"2026-04-02T02:15:59+00:00","mainEntityOfPage":{"@id":"https:\/\/magistrae.com\/c386dad4-e751-40d2-a4a2-e9178029e771\/"},"wordCount":528,"commentCount":0,"publisher":{"@id":"https:\/\/magistrae.com\/#organization"},"articleSection":["Hidden"],"inLanguage":"es","potentialAction":[{"@type":"CommentAction","name":"Comment","target":["https:\/\/magistrae.com\/c386dad4-e751-40d2-a4a2-e9178029e771\/#respond"]}]},{"@type":"WebPage","@id":"https:\/\/magistrae.com\/c386dad4-e751-40d2-a4a2-e9178029e771\/","url":"https:\/\/magistrae.com\/c386dad4-e751-40d2-a4a2-e9178029e771\/","name":"Especialista Principal em Log\u00edstica: Cres\u00e7a na Gest\u00e3o e Otimize Processos - Magistrae","isPartOf":{"@id":"https:\/\/magistrae.com\/#website"},"datePublished":"2026-04-02T02:15:00+00:00","dateModified":"2026-04-02T02:15:59+00:00","breadcrumb":{"@id":"https:\/\/magistrae.com\/c386dad4-e751-40d2-a4a2-e9178029e771\/#breadcrumb"},"inLanguage":"es","potentialAction":[{"@type":"ReadAction","target":["https:\/\/magistrae.com\/c386dad4-e751-40d2-a4a2-e9178029e771\/"]}]},{"@type":"BreadcrumbList","@id":"https:\/\/magistrae.com\/c386dad4-e751-40d2-a4a2-e9178029e771\/#breadcrumb","itemListElement":[{"@type":"ListItem","position":1,"name":"Home","item":"https:\/\/magistrae.com\/"},{"@type":"ListItem","position":2,"name":"Especialista Principal em Log\u00edstica: Cres\u00e7a na Gest\u00e3o e Otimize Processos"}]},{"@type":"WebSite","@id":"https:\/\/magistrae.com\/#website","url":"https:\/\/magistrae.com\/","name":"Magistrae","description":"","publisher":{"@id":"https:\/\/magistrae.com\/#organization"},"potentialAction":[{"@type":"SearchAction","target":{"@type":"EntryPoint","urlTemplate":"https:\/\/magistrae.com\/?s={search_term_string}"},"query-input":"required name=search_term_string"}],"inLanguage":"es"},{"@type":"Organization","@id":"https:\/\/magistrae.com\/#organization","name":"Magistrae","url":"https:\/\/magistrae.com\/","logo":{"@type":"ImageObject","inLanguage":"es","@id":"https:\/\/magistrae.com\/#\/schema\/logo\/image\/","url":"https:\/\/magistrae.com\/wp-content\/uploads\/sites\/413\/2026\/03\/9_Magistrae.jpg","contentUrl":"https:\/\/magistrae.com\/wp-content\/uploads\/sites\/413\/2026\/03\/9_Magistrae.jpg","width":2000,"height":2000,"caption":"Magistrae"},"image":{"@id":"https:\/\/magistrae.com\/#\/schema\/logo\/image\/"}},{"@type":"Person","@id":"https:\/\/magistrae.com\/#\/schema\/person\/d52888235fd6563bd07d97185d6a61e4","name":"Bruno Gianni","image":{"@type":"ImageObject","inLanguage":"es","@id":"https:\/\/magistrae.com\/#\/schema\/person\/image\/","url":"https:\/\/secure.gravatar.com\/avatar\/0f5d42d7bf77874643c1478932860e3f?s=96&d=mm&r=g","contentUrl":"https:\/\/secure.gravatar.com\/avatar\/0f5d42d7bf77874643c1478932860e3f?s=96&d=mm&r=g","caption":"Bruno Gianni"},"description":"Bruno writes the way he lives, with curiosity, care, and respect for people. He likes to observe, listen, and try to understand what is happening on the other side before putting any words on the page.For him, writing is not about impressing, but about getting closer. It is about turning thoughts into something simple, clear, and real. Every text is an ongoing conversation, created with care and honesty, with the sincere intention of touching someone, somewhere along the way.","url":"https:\/\/magistrae.com\/es\/author\/bcgianni\/"}]}},"uagb_featured_image_src":{"full":false,"thumbnail":false,"medium":false,"medium_large":false,"large":false,"1536x1536":false,"2048x2048":false,"trp-custom-language-flag":false},"uagb_author_info":{"display_name":"Bruno Gianni","author_link":"https:\/\/magistrae.com\/es\/author\/bcgianni\/"},"uagb_comment_info":0,"uagb_excerpt":"Oportunidade para Especialista Principal em Log\u00edstica! Entenda fun\u00e7\u00f5es, vantagens e desafios dessa carreira. Candidate-se e avance seu percurso profissional na log\u00edstica.","_links":{"self":[{"href":"https:\/\/magistrae.com\/es\/wp-json\/wp\/v2\/posts\/11315"}],"collection":[{"href":"https:\/\/magistrae.com\/es\/wp-json\/wp\/v2\/posts"}],"about":[{"href":"https:\/\/magistrae.com\/es\/wp-json\/wp\/v2\/types\/post"}],"author":[{"embeddable":true,"href":"https:\/\/magistrae.com\/es\/wp-json\/wp\/v2\/users\/3"}],"replies":[{"embeddable":true,"href":"https:\/\/magistrae.com\/es\/wp-json\/wp\/v2\/comments?post=11315"}],"version-history":[{"count":1,"href":"https:\/\/magistrae.com\/es\/wp-json\/wp\/v2\/posts\/11315\/revisions"}],"predecessor-version":[{"id":11324,"href":"https:\/\/magistrae.com\/es\/wp-json\/wp\/v2\/posts\/11315\/revisions\/11324"}],"wp:attachment":[{"href":"https:\/\/magistrae.com\/es\/wp-json\/wp\/v2\/media?parent=11315"}],"wp:term":[{"taxonomy":"category","embeddable":true,"href":"https:\/\/magistrae.com\/es\/wp-json\/wp\/v2\/categories?post=11315"},{"taxonomy":"post_tag","embeddable":true,"href":"https:\/\/magistrae.com\/es\/wp-json\/wp\/v2\/tags?post=11315"}],"curies":[{"name":"wp","href":"https:\/\/api.w.org\/{rel}","templated":true}]}}