{"id":11288,"date":"2026-04-02T02:04:00","date_gmt":"2026-04-02T02:04:00","guid":{"rendered":"https:\/\/magistrae.com\/0a87c3e1-7719-4c89-a478-4deb7aafeaf8\/"},"modified":"2026-04-02T02:04:09","modified_gmt":"2026-04-02T02:04:09","slug":"0a87c3e1-7719-4c89-a478-4deb7aafeaf8","status":"publish","type":"post","link":"https:\/\/magistrae.com\/es\/0a87c3e1-7719-4c89-a478-4deb7aafeaf8\/","title":{"rendered":"Vendedor de 2\u00aa Classe: Oportunidade de Crescimento para Profissionais com Experi\u00eancia Comercial"},"content":{"rendered":"<\/p>\n<\/p>\n<div style=\"background: #ffffff; border-radius: 12px; box-shadow: 0 10px 30px rgba(0, 0, 0, 0.1); width: 100%; max-width: 340px; padding: 25px; transition: transform 0.3s ease-in-out; overflow: visible; display: flex; flex-direction: column; position: relative; border: 1px solid #28a745; margin-top: 70px; margin-bottom: 50px; margin-left: auto; margin-right: auto;\">\n<div style=\"position: absolute; top: -35px; right: 15px; color: #28a745; padding: 5px 10px; border-radius: 6px; font-size: 14px; font-weight: bold; display: flex; align-items: center; z-index: 10;\">Recomendado para voc\u00ea<\/div>\n<div data-namespace-header=\"\" style=\"\">\n<h3 data-namespace-title=\"\" style=\"color: #333; font-size: 20px; font-weight: bold; text-align: left; margin-right: 50px; min-height: 50px; margin-top: 0px;\">Vendedor de 2\u00aa Classe<\/h3>\n<\/p><\/div>\n<p data-namespace-prompt=\"\" style=\"font-size: 16px; color: #666; margin-bottom: 20px; line-height: 1.5; flex-grow: 1; text-align: left; margin-top: 0px;\">Colabora\u00e7\u00e3o com as \u00e1reas comercial e marketing, atua\u00e7\u00e3o ativa junto aos clientes e eventos. Requer experi\u00eancia, ensino m\u00e9dio conclu\u00eddo e habilidades organizacionais.<\/p>\n<p>    <a data-namespace-url=\"\" href=\"https:\/\/magistrae.com\/es\/redirect\/?https:\/\/ao.trabajo.org\/emprego-4028-27c86e4921097df93761c9a0db303f2b?utm_campaign=google_jobs_apply&#038;utm_source=google_jobs_apply&#038;utm_medium=organic\" style=\"width: 100%; display: inline-block; color: white; text-decoration: none; border-radius: 6px; font-size: 16px; font-weight: bold; text-align: center; transition: transform 0.3s ease, background 0.3s ease; margin-top: auto;\" data-namespace-id=\"5c0d2565-3ba9-4280-a382-ad2a691e2285\"><br \/>\n        <button style=\"width: 100%; height: 55px; background: #e9e9ed; border: 1px solid black; color: black;\">Candidatar-se \u00e0 vaga<\/button><br \/>\n    <\/a><br \/>\n    <small style=\"margin-top: 10px; color: #777; font-size: 12px; text-align: center; display: block;\">Voc\u00ea ser\u00e1 redirigido a otro sitio<\/small>\n<\/div>\n<p>Esta oportunidade para Vendedor de 2\u00aa Classe \u00e9 ideal para profissionais que buscam integrar equipas din\u00e2micas e demonstrar talento em vendas. O regime \u00e9 de tempo integral e valoriza compet\u00eancias em atendimento ao p\u00fablico e marketing, proporcionando desenvolvimento em ambiente competitivo.<\/p>\n<h2>Responsabilidades e Rotina de Trabalho<\/h2>\n<p>O profissional ser\u00e1 respons\u00e1vel por manter rela\u00e7\u00f5es comerciais consistentes com clientes atuais e potenciais, sempre buscando gerar novos neg\u00f3cios e fortalecer a presen\u00e7a da empresa no mercado.<\/p>\n<p>Entre as miss\u00f5es di\u00e1rias est\u00e3o fazer chamadas e visitas para apresentar portef\u00f3lio, participar em eventos, feiras e exposi\u00e7\u00f5es, e pesquisar fontes para identificar oportunidades de clientes.<\/p>\n<p>Al\u00e9m disso, ser\u00e1 esperado que investigue e resolva reclama\u00e7\u00f5es ou desafios dos clientes, atuando com agilidade para garantir satisfa\u00e7\u00e3o cont\u00ednua e resultados positivos.<\/p>\n<p>Monitorar a atua\u00e7\u00e3o da concorr\u00eancia e obter informa\u00e7\u00f5es sobre pre\u00e7os e produtos \u00e9 outra parte importante do escopo desta fun\u00e7\u00e3o.<\/p>\n<p>Ter dom\u00ednio de ferramentas do Microsoft Office e saber organizar prioridades ser\u00e3o diferenciais para alcan\u00e7ar sucesso em todas essas demandas.<\/p>\n<h2>Vantagens do cargo<\/h2>\n<p>Uma das grandes vantagens \u00e9 a oportunidade de aprender muito sobre o sector comercial, trabalhando em ambientes diversos e em contato com diferentes p\u00fablicos e clientes.<\/p>\n<p>O contacto direto com estrat\u00e9gias de marketing permite ao profissional aumentar a sua capacidade de comunica\u00e7\u00e3o e relacionamento interpersonal, agregando experi\u00eancia pr\u00e1tica ao curr\u00edculo.<\/p>\n<h2>Desvantagens a considerar<\/h2>\n<p>O alto volume de trabalho e a necessidade de lidar com m\u00faltiplas demandas podem ser desafiadores, especialmente para quem est\u00e1 a iniciar carreira na \u00e1rea.<\/p>\n<p>Outro ponto a ponderar \u00e9 a press\u00e3o para atingir metas e resultados, o que exige disciplina e resili\u00eancia do candidato.<\/p>\n<h2>Veredicto<\/h2>\n<p>Para quem possui experi\u00eancia pr\u00e9via no atendimento ao p\u00fablico e deseja crescer no ramo comercial, esta \u00e9 uma excelente oportunidade de demonstrar capacidade e ampliar horizontes profissionais.<\/p>\n<p>Se gostas de desafios, ambientes din\u00e2micos e intera\u00e7\u00e3o com diversos p\u00fablicos, este cargo pode ser o pr\u00f3ximo passo ideal na tua carreira.<\/p>\n<div style=\"background: #ffffff; border-radius: 12px; box-shadow: 0 10px 30px rgba(0, 0, 0, 0.1); width: 100%; max-width: 340px; padding: 25px; transition: transform 0.3s ease-in-out; overflow: visible; display: flex; flex-direction: column; position: relative; border: 1px solid #28a745; margin-top: 70px; margin-bottom: 50px; margin-left: auto; margin-right: auto;\">\n<div style=\"position: absolute; top: -35px; right: 15px; color: #28a745; padding: 5px 10px; border-radius: 6px; font-size: 14px; font-weight: bold; display: flex; align-items: center; z-index: 10;\">Recomendado para voc\u00ea<\/div>\n<div data-namespace-header=\"\" style=\"\">\n<h3 data-namespace-title=\"\" style=\"color: #333; font-size: 20px; font-weight: bold; text-align: left; margin-right: 50px; min-height: 50px; margin-top: 0px;\">Vendedor de 2\u00aa Classe<\/h3>\n<\/p><\/div>\n<p data-namespace-prompt=\"\" style=\"font-size: 16px; color: #666; margin-bottom: 20px; line-height: 1.5; flex-grow: 1; text-align: left; margin-top: 0px;\">Colabora\u00e7\u00e3o com as \u00e1reas comercial e marketing, atua\u00e7\u00e3o ativa junto aos clientes e eventos. Requer experi\u00eancia, ensino m\u00e9dio conclu\u00eddo e habilidades organizacionais.<\/p>\n<p>    <a data-namespace-url=\"\" href=\"https:\/\/magistrae.com\/es\/redirect\/?https:\/\/ao.trabajo.org\/emprego-4028-27c86e4921097df93761c9a0db303f2b?utm_campaign=google_jobs_apply&#038;utm_source=google_jobs_apply&#038;utm_medium=organic\" style=\"width: 100%; display: inline-block; color: white; text-decoration: none; border-radius: 6px; font-size: 16px; font-weight: bold; text-align: center; transition: transform 0.3s ease, background 0.3s ease; margin-top: auto;\" data-namespace-id=\"5c0d2565-3ba9-4280-a382-ad2a691e2285\"><br \/>\n        <button style=\"width: 100%; height: 55px; background: #e9e9ed; border: 1px solid black; color: black;\">Candidatar-se \u00e0 vaga<\/button><br \/>\n    <\/a><br \/>\n    <small style=\"margin-top: 10px; color: #777; font-size: 12px; text-align: center; display: block;\">Voc\u00ea ser\u00e1 redirigido a otro sitio<\/small>\n<\/div>","protected":false},"excerpt":{"rendered":"<p>Confira as vantagens e desafios do cargo de Vendedor de 2\u00aa Classe. Saiba o que esperar do dia a dia, principais compet\u00eancias e se este \u00e9 o emprego certo para si.<\/p>","protected":false},"author":3,"featured_media":0,"comment_status":"open","ping_status":"open","sticky":false,"template":"","format":"standard","meta":{"_uag_custom_page_level_css":"","site-sidebar-layout":"default","site-content-layout":"","ast-site-content-layout":"","site-content-style":"default","site-sidebar-style":"default","ast-global-header-display":"","ast-banner-title-visibility":"","ast-main-header-display":"","ast-hfb-above-header-display":"","ast-hfb-below-header-display":"","ast-hfb-mobile-header-display":"","site-post-title":"","ast-breadcrumbs-content":"","ast-featured-img":"","footer-sml-layout":"","theme-transparent-header-meta":"","adv-header-id-meta":"","stick-header-meta":"","header-above-stick-meta":"","header-main-stick-meta":"","header-below-stick-meta":"","astra-migrate-meta-layouts":"default","ast-page-background-enabled":"default","ast-page-background-meta":{"desktop":{"background-color":"var(--ast-global-color-4)","background-image":"","background-repeat":"repeat","background-position":"center center","background-size":"auto","background-attachment":"scroll","background-type":"","background-media":"","overlay-type":"","overlay-color":"","overlay-opacity":"","overlay-gradient":""},"tablet":{"background-color":"","background-image":"","background-repeat":"repeat","background-position":"center center","background-size":"auto","background-attachment":"scroll","background-type":"","background-media":"","overlay-type":"","overlay-color":"","overlay-opacity":"","overlay-gradient":""},"mobile":{"background-color":"","background-image":"","background-repeat":"repeat","background-position":"center center","background-size":"auto","background-attachment":"scroll","background-type":"","background-media":"","overlay-type":"","overlay-color":"","overlay-opacity":"","overlay-gradient":""}},"ast-content-background-meta":{"desktop":{"background-color":"var(--ast-global-color-5)","background-image":"","background-repeat":"repeat","background-position":"center center","background-size":"auto","background-attachment":"scroll","background-type":"","background-media":"","overlay-type":"","overlay-color":"","overlay-opacity":"","overlay-gradient":""},"tablet":{"background-color":"var(--ast-global-color-5)","background-image":"","background-repeat":"repeat","background-position":"center center","background-size":"auto","background-attachment":"scroll","background-type":"","background-media":"","overlay-type":"","overlay-color":"","overlay-opacity":"","overlay-gradient":""},"mobile":{"background-color":"var(--ast-global-color-5)","background-image":"","background-repeat":"repeat","background-position":"center center","background-size":"auto","background-attachment":"scroll","background-type":"","background-media":"","overlay-type":"","overlay-color":"","overlay-opacity":"","overlay-gradient":""}},"footnotes":""},"categories":[14],"tags":[],"yoast_head":"<!-- This site is optimized with the Yoast SEO plugin v23.3 - https:\/\/yoast.com\/wordpress\/plugins\/seo\/ -->\n<title>Vendedor de 2\u00aa Classe: Oportunidade de Crescimento para Profissionais com Experi\u00eancia Comercial - Magistrae<\/title>\n<meta name=\"robots\" content=\"index, follow, max-snippet:-1, max-image-preview:large, max-video-preview:-1\" \/>\n<link rel=\"canonical\" href=\"https:\/\/magistrae.com\/es\/0a87c3e1-7719-4c89-a478-4deb7aafeaf8\/\" \/>\n<meta property=\"og:locale\" content=\"es_ES\" \/>\n<meta property=\"og:type\" content=\"article\" \/>\n<meta property=\"og:title\" content=\"Vendedor de 2\u00aa Classe: Oportunidade de Crescimento para Profissionais com Experi\u00eancia Comercial - Magistrae\" \/>\n<meta property=\"og:description\" content=\"Confira as vantagens e desafios do cargo de Vendedor de 2\u00aa Classe. Saiba o que esperar do dia a dia, principais compet\u00eancias e se este \u00e9 o emprego certo para si.\" \/>\n<meta property=\"og:url\" content=\"https:\/\/magistrae.com\/es\/0a87c3e1-7719-4c89-a478-4deb7aafeaf8\/\" \/>\n<meta property=\"og:site_name\" content=\"Magistrae\" \/>\n<meta property=\"article:published_time\" content=\"2026-04-02T02:04:00+00:00\" \/>\n<meta property=\"article:modified_time\" content=\"2026-04-02T02:04:09+00:00\" \/>\n<meta name=\"author\" content=\"Bruno Gianni\" \/>\n<meta name=\"twitter:card\" content=\"summary_large_image\" \/>\n<meta name=\"twitter:label1\" content=\"Written by\" \/>\n\t<meta name=\"twitter:data1\" content=\"Bruno Gianni\" \/>\n\t<meta name=\"twitter:label2\" content=\"Est. reading time\" \/>\n\t<meta name=\"twitter:data2\" content=\"2 minutos\" \/>\n<script type=\"application\/ld+json\" class=\"yoast-schema-graph\">{\"@context\":\"https:\/\/schema.org\",\"@graph\":[{\"@type\":\"Article\",\"@id\":\"https:\/\/magistrae.com\/0a87c3e1-7719-4c89-a478-4deb7aafeaf8\/#article\",\"isPartOf\":{\"@id\":\"https:\/\/magistrae.com\/0a87c3e1-7719-4c89-a478-4deb7aafeaf8\/\"},\"author\":{\"name\":\"Bruno Gianni\",\"@id\":\"https:\/\/magistrae.com\/#\/schema\/person\/d52888235fd6563bd07d97185d6a61e4\"},\"headline\":\"Vendedor de 2\u00aa Classe: Oportunidade de Crescimento para Profissionais com Experi\u00eancia Comercial\",\"datePublished\":\"2026-04-02T02:04:00+00:00\",\"dateModified\":\"2026-04-02T02:04:09+00:00\",\"mainEntityOfPage\":{\"@id\":\"https:\/\/magistrae.com\/0a87c3e1-7719-4c89-a478-4deb7aafeaf8\/\"},\"wordCount\":440,\"commentCount\":0,\"publisher\":{\"@id\":\"https:\/\/magistrae.com\/#organization\"},\"articleSection\":[\"Hidden\"],\"inLanguage\":\"es\",\"potentialAction\":[{\"@type\":\"CommentAction\",\"name\":\"Comment\",\"target\":[\"https:\/\/magistrae.com\/0a87c3e1-7719-4c89-a478-4deb7aafeaf8\/#respond\"]}]},{\"@type\":\"WebPage\",\"@id\":\"https:\/\/magistrae.com\/0a87c3e1-7719-4c89-a478-4deb7aafeaf8\/\",\"url\":\"https:\/\/magistrae.com\/0a87c3e1-7719-4c89-a478-4deb7aafeaf8\/\",\"name\":\"Vendedor de 2\u00aa Classe: Oportunidade de Crescimento para Profissionais com Experi\u00eancia Comercial - Magistrae\",\"isPartOf\":{\"@id\":\"https:\/\/magistrae.com\/#website\"},\"datePublished\":\"2026-04-02T02:04:00+00:00\",\"dateModified\":\"2026-04-02T02:04:09+00:00\",\"breadcrumb\":{\"@id\":\"https:\/\/magistrae.com\/0a87c3e1-7719-4c89-a478-4deb7aafeaf8\/#breadcrumb\"},\"inLanguage\":\"es\",\"potentialAction\":[{\"@type\":\"ReadAction\",\"target\":[\"https:\/\/magistrae.com\/0a87c3e1-7719-4c89-a478-4deb7aafeaf8\/\"]}]},{\"@type\":\"BreadcrumbList\",\"@id\":\"https:\/\/magistrae.com\/0a87c3e1-7719-4c89-a478-4deb7aafeaf8\/#breadcrumb\",\"itemListElement\":[{\"@type\":\"ListItem\",\"position\":1,\"name\":\"Home\",\"item\":\"https:\/\/magistrae.com\/\"},{\"@type\":\"ListItem\",\"position\":2,\"name\":\"Vendedor de 2\u00aa Classe: Oportunidade de Crescimento para Profissionais com Experi\u00eancia Comercial\"}]},{\"@type\":\"WebSite\",\"@id\":\"https:\/\/magistrae.com\/#website\",\"url\":\"https:\/\/magistrae.com\/\",\"name\":\"Magistrae\",\"description\":\"\",\"publisher\":{\"@id\":\"https:\/\/magistrae.com\/#organization\"},\"potentialAction\":[{\"@type\":\"SearchAction\",\"target\":{\"@type\":\"EntryPoint\",\"urlTemplate\":\"https:\/\/magistrae.com\/?s={search_term_string}\"},\"query-input\":\"required name=search_term_string\"}],\"inLanguage\":\"es\"},{\"@type\":\"Organization\",\"@id\":\"https:\/\/magistrae.com\/#organization\",\"name\":\"Magistrae\",\"url\":\"https:\/\/magistrae.com\/\",\"logo\":{\"@type\":\"ImageObject\",\"inLanguage\":\"es\",\"@id\":\"https:\/\/magistrae.com\/#\/schema\/logo\/image\/\",\"url\":\"https:\/\/magistrae.com\/wp-content\/uploads\/sites\/413\/2026\/03\/9_Magistrae.jpg\",\"contentUrl\":\"https:\/\/magistrae.com\/wp-content\/uploads\/sites\/413\/2026\/03\/9_Magistrae.jpg\",\"width\":2000,\"height\":2000,\"caption\":\"Magistrae\"},\"image\":{\"@id\":\"https:\/\/magistrae.com\/#\/schema\/logo\/image\/\"}},{\"@type\":\"Person\",\"@id\":\"https:\/\/magistrae.com\/#\/schema\/person\/d52888235fd6563bd07d97185d6a61e4\",\"name\":\"Bruno Gianni\",\"image\":{\"@type\":\"ImageObject\",\"inLanguage\":\"es\",\"@id\":\"https:\/\/magistrae.com\/#\/schema\/person\/image\/\",\"url\":\"https:\/\/secure.gravatar.com\/avatar\/0f5d42d7bf77874643c1478932860e3f?s=96&d=mm&r=g\",\"contentUrl\":\"https:\/\/secure.gravatar.com\/avatar\/0f5d42d7bf77874643c1478932860e3f?s=96&d=mm&r=g\",\"caption\":\"Bruno Gianni\"},\"description\":\"Bruno writes the way he lives, with curiosity, care, and respect for people. He likes to observe, listen, and try to understand what is happening on the other side before putting any words on the page.For him, writing is not about impressing, but about getting closer. It is about turning thoughts into something simple, clear, and real. Every text is an ongoing conversation, created with care and honesty, with the sincere intention of touching someone, somewhere along the way.\",\"url\":\"https:\/\/magistrae.com\/es\/author\/bcgianni\/\"}]}<\/script>\n<!-- \/ Yoast SEO plugin. -->","yoast_head_json":{"title":"Vendedor de 2\u00aa Classe: Oportunidade de Crescimento para Profissionais com Experi\u00eancia Comercial - Magistrae","robots":{"index":"index","follow":"follow","max-snippet":"max-snippet:-1","max-image-preview":"max-image-preview:large","max-video-preview":"max-video-preview:-1"},"canonical":"https:\/\/magistrae.com\/es\/0a87c3e1-7719-4c89-a478-4deb7aafeaf8\/","og_locale":"es_ES","og_type":"article","og_title":"Vendedor de 2\u00aa Classe: Oportunidade de Crescimento para Profissionais com Experi\u00eancia Comercial - Magistrae","og_description":"Confira as vantagens e desafios do cargo de Vendedor de 2\u00aa Classe. Saiba o que esperar do dia a dia, principais compet\u00eancias e se este \u00e9 o emprego certo para si.","og_url":"https:\/\/magistrae.com\/es\/0a87c3e1-7719-4c89-a478-4deb7aafeaf8\/","og_site_name":"Magistrae","article_published_time":"2026-04-02T02:04:00+00:00","article_modified_time":"2026-04-02T02:04:09+00:00","author":"Bruno Gianni","twitter_card":"summary_large_image","twitter_misc":{"Written by":"Bruno Gianni","Est. reading time":"2 minutos"},"schema":{"@context":"https:\/\/schema.org","@graph":[{"@type":"Article","@id":"https:\/\/magistrae.com\/0a87c3e1-7719-4c89-a478-4deb7aafeaf8\/#article","isPartOf":{"@id":"https:\/\/magistrae.com\/0a87c3e1-7719-4c89-a478-4deb7aafeaf8\/"},"author":{"name":"Bruno Gianni","@id":"https:\/\/magistrae.com\/#\/schema\/person\/d52888235fd6563bd07d97185d6a61e4"},"headline":"Vendedor de 2\u00aa Classe: Oportunidade de Crescimento para Profissionais com Experi\u00eancia Comercial","datePublished":"2026-04-02T02:04:00+00:00","dateModified":"2026-04-02T02:04:09+00:00","mainEntityOfPage":{"@id":"https:\/\/magistrae.com\/0a87c3e1-7719-4c89-a478-4deb7aafeaf8\/"},"wordCount":440,"commentCount":0,"publisher":{"@id":"https:\/\/magistrae.com\/#organization"},"articleSection":["Hidden"],"inLanguage":"es","potentialAction":[{"@type":"CommentAction","name":"Comment","target":["https:\/\/magistrae.com\/0a87c3e1-7719-4c89-a478-4deb7aafeaf8\/#respond"]}]},{"@type":"WebPage","@id":"https:\/\/magistrae.com\/0a87c3e1-7719-4c89-a478-4deb7aafeaf8\/","url":"https:\/\/magistrae.com\/0a87c3e1-7719-4c89-a478-4deb7aafeaf8\/","name":"Vendedor de 2\u00aa Classe: Oportunidade de Crescimento para Profissionais com Experi\u00eancia Comercial - Magistrae","isPartOf":{"@id":"https:\/\/magistrae.com\/#website"},"datePublished":"2026-04-02T02:04:00+00:00","dateModified":"2026-04-02T02:04:09+00:00","breadcrumb":{"@id":"https:\/\/magistrae.com\/0a87c3e1-7719-4c89-a478-4deb7aafeaf8\/#breadcrumb"},"inLanguage":"es","potentialAction":[{"@type":"ReadAction","target":["https:\/\/magistrae.com\/0a87c3e1-7719-4c89-a478-4deb7aafeaf8\/"]}]},{"@type":"BreadcrumbList","@id":"https:\/\/magistrae.com\/0a87c3e1-7719-4c89-a478-4deb7aafeaf8\/#breadcrumb","itemListElement":[{"@type":"ListItem","position":1,"name":"Home","item":"https:\/\/magistrae.com\/"},{"@type":"ListItem","position":2,"name":"Vendedor de 2\u00aa Classe: Oportunidade de Crescimento para Profissionais com Experi\u00eancia Comercial"}]},{"@type":"WebSite","@id":"https:\/\/magistrae.com\/#website","url":"https:\/\/magistrae.com\/","name":"Magistrae","description":"","publisher":{"@id":"https:\/\/magistrae.com\/#organization"},"potentialAction":[{"@type":"SearchAction","target":{"@type":"EntryPoint","urlTemplate":"https:\/\/magistrae.com\/?s={search_term_string}"},"query-input":"required name=search_term_string"}],"inLanguage":"es"},{"@type":"Organization","@id":"https:\/\/magistrae.com\/#organization","name":"Magistrae","url":"https:\/\/magistrae.com\/","logo":{"@type":"ImageObject","inLanguage":"es","@id":"https:\/\/magistrae.com\/#\/schema\/logo\/image\/","url":"https:\/\/magistrae.com\/wp-content\/uploads\/sites\/413\/2026\/03\/9_Magistrae.jpg","contentUrl":"https:\/\/magistrae.com\/wp-content\/uploads\/sites\/413\/2026\/03\/9_Magistrae.jpg","width":2000,"height":2000,"caption":"Magistrae"},"image":{"@id":"https:\/\/magistrae.com\/#\/schema\/logo\/image\/"}},{"@type":"Person","@id":"https:\/\/magistrae.com\/#\/schema\/person\/d52888235fd6563bd07d97185d6a61e4","name":"Bruno Gianni","image":{"@type":"ImageObject","inLanguage":"es","@id":"https:\/\/magistrae.com\/#\/schema\/person\/image\/","url":"https:\/\/secure.gravatar.com\/avatar\/0f5d42d7bf77874643c1478932860e3f?s=96&d=mm&r=g","contentUrl":"https:\/\/secure.gravatar.com\/avatar\/0f5d42d7bf77874643c1478932860e3f?s=96&d=mm&r=g","caption":"Bruno Gianni"},"description":"Bruno writes the way he lives, with curiosity, care, and respect for people. He likes to observe, listen, and try to understand what is happening on the other side before putting any words on the page.For him, writing is not about impressing, but about getting closer. It is about turning thoughts into something simple, clear, and real. Every text is an ongoing conversation, created with care and honesty, with the sincere intention of touching someone, somewhere along the way.","url":"https:\/\/magistrae.com\/es\/author\/bcgianni\/"}]}},"uagb_featured_image_src":{"full":false,"thumbnail":false,"medium":false,"medium_large":false,"large":false,"1536x1536":false,"2048x2048":false,"trp-custom-language-flag":false},"uagb_author_info":{"display_name":"Bruno Gianni","author_link":"https:\/\/magistrae.com\/es\/author\/bcgianni\/"},"uagb_comment_info":0,"uagb_excerpt":"Confira as vantagens e desafios do cargo de Vendedor de 2\u00aa Classe. Saiba o que esperar do dia a dia, principais compet\u00eancias e se este \u00e9 o emprego certo para si.","_links":{"self":[{"href":"https:\/\/magistrae.com\/es\/wp-json\/wp\/v2\/posts\/11288"}],"collection":[{"href":"https:\/\/magistrae.com\/es\/wp-json\/wp\/v2\/posts"}],"about":[{"href":"https:\/\/magistrae.com\/es\/wp-json\/wp\/v2\/types\/post"}],"author":[{"embeddable":true,"href":"https:\/\/magistrae.com\/es\/wp-json\/wp\/v2\/users\/3"}],"replies":[{"embeddable":true,"href":"https:\/\/magistrae.com\/es\/wp-json\/wp\/v2\/comments?post=11288"}],"version-history":[{"count":1,"href":"https:\/\/magistrae.com\/es\/wp-json\/wp\/v2\/posts\/11288\/revisions"}],"predecessor-version":[{"id":11295,"href":"https:\/\/magistrae.com\/es\/wp-json\/wp\/v2\/posts\/11288\/revisions\/11295"}],"wp:attachment":[{"href":"https:\/\/magistrae.com\/es\/wp-json\/wp\/v2\/media?parent=11288"}],"wp:term":[{"taxonomy":"category","embeddable":true,"href":"https:\/\/magistrae.com\/es\/wp-json\/wp\/v2\/categories?post=11288"},{"taxonomy":"post_tag","embeddable":true,"href":"https:\/\/magistrae.com\/es\/wp-json\/wp\/v2\/tags?post=11288"}],"curies":[{"name":"wp","href":"https:\/\/api.w.org\/{rel}","templated":true}]}}