{"id":11287,"date":"2026-04-02T02:04:00","date_gmt":"2026-04-02T02:04:00","guid":{"rendered":"https:\/\/magistrae.com\/b442d521-7fa4-46bc-b1cd-7405babb0752\/"},"modified":"2026-04-02T02:04:24","modified_gmt":"2026-04-02T02:04:24","slug":"b442d521-7fa4-46bc-b1cd-7405babb0752","status":"publish","type":"post","link":"https:\/\/magistrae.com\/es\/b442d521-7fa4-46bc-b1cd-7405babb0752\/","title":{"rendered":"Vendedor(a) de Loja \u2013 Mobili\u00e1rio e Decora\u00e7\u00e3o, Equipa Jovem e Crescimento Profissional"},"content":{"rendered":"<\/p>\n<\/p>\n<div style=\"background: #ffffff; border-radius: 12px; box-shadow: 0 10px 30px rgba(0, 0, 0, 0.1); width: 100%; max-width: 340px; padding: 25px; transition: transform 0.3s ease-in-out; overflow: visible; display: flex; flex-direction: column; position: relative; border: 1px solid #28a745; margin-top: 70px; margin-bottom: 50px; margin-left: auto; margin-right: auto;\">\n<div style=\"position: absolute; top: -35px; right: 15px; color: #28a745; padding: 5px 10px; border-radius: 6px; font-size: 14px; font-weight: bold; display: flex; align-items: center; z-index: 10;\">Recomendado para si<\/div>\n<div data-namespace-header=\"\" style=\"\">\n<h3 data-namespace-title=\"\" style=\"color: #333; font-size: 20px; font-weight: bold; text-align: left; margin-right: 50px; min-height: 50px; margin-top: 0px;\">Vendedor(a) de Loja<\/h3>\n<\/p><\/div>\n<p data-namespace-prompt=\"\" style=\"font-size: 16px; color: #666; margin-bottom: 20px; line-height: 1.5; flex-grow: 1; text-align: left; margin-top: 0px;\">Oportunidade para quem aprecia atendimento ao cliente e gosta de mobili\u00e1rio moderno. Requisitos incluem experi\u00eancia em vendas, boa comunica\u00e7\u00e3o e esp\u00edrito din\u00e2mico. Equipa jovem e perspectiva de crescimento.<\/p>\n<p>    <a data-namespace-url=\"\" href=\"https:\/\/magistrae.com\/es\/redirect\/?https:\/\/ao.empregosyoyota.net\/empregos\/vaga-para-vendedor-de-loja-mf-mobiliario-e-decoracao?utm_campaign=google_jobs_apply&#038;utm_source=google_jobs_apply&#038;utm_medium=organic\" style=\"width: 100%; display: inline-block; color: white; text-decoration: none; border-radius: 6px; font-size: 16px; font-weight: bold; text-align: center; transition: transform 0.3s ease, background 0.3s ease; margin-top: auto;\" data-namespace-id=\"5c0d2565-3ba9-4280-a382-ad2a691e2285\"><br \/>\n        <button style=\"width: 100%; height: 55px; background: #e9e9ed; border: 1px solid black; color: black;\">Candidatar-se ao emprego<\/button><br \/>\n    <\/a><br \/>\n    <small style=\"margin-top: 10px; color: #777; font-size: 12px; text-align: center; display: block;\">Ser\u00e1 redirigido a otro sitio<\/small>\n<\/div>\n<p>Esta vaga para Vendedor(a) de Loja no sector de mobili\u00e1rio e decora\u00e7\u00e3o representa uma excelente oportunidade para quem quer trabalhar numa equipa jovem e apaixonada. Trata-se de uma posi\u00e7\u00e3o din\u00e2mica, onde a proatividade e boa comunica\u00e7\u00e3o s\u00e3o valorizadas.<\/p>\n<p>O trabalho envolve atendimento personalizado ao cliente e tem foco em proporcionar uma boa experi\u00eancia na loja. N\u00e3o foi especificado sal\u00e1rio na oferta, mas as condi\u00e7\u00f5es incluem ambiente multicultural, plano de forma\u00e7\u00e3o e possibilidade de progress\u00e3o na carreira. O regime de hor\u00e1rios \u00e9 rotativo e valoriza-se experi\u00eancia pr\u00e9via em vendas ou no sector.<\/p>\n<h2>Responsabilidades do Dia-a-Dia<\/h2>\n<p>O profissional ir\u00e1 receber e acompanhar clientes, proporcionando um atendimento eficiente e personalizado. Espera-se entusiasmo para ajudar na escolha dos produtos mais adequados para cada cliente.<\/p>\n<p>Entre as tarefas est\u00e1 tamb\u00e9m garantir que a loja mantenha boa organiza\u00e7\u00e3o, bem como a reposi\u00e7\u00e3o e exposi\u00e7\u00e3o de mercadorias. O registo e confer\u00eancia das vendas \u00e9 parte essencial das fun\u00e7\u00f5es.<\/p>\n<p>A participa\u00e7\u00e3o activa na manuten\u00e7\u00e3o da loja, seguindo orienta\u00e7\u00f5es de campanhas de marketing e organiza\u00e7\u00e3o dos espa\u00e7os expositores, ser\u00e1 fundamentais.<\/p>\n<p>Outra responsabilidade relevante \u00e9 colaborar nos invent\u00e1rios peri\u00f3dicos da loja, conferindo exist\u00eancias e atualizando registos. Flexibilidade e aten\u00e7\u00e3o ao detalhe s\u00e3o valorizadas.<\/p>\n<h2>Aspectos Positivos do Emprego<\/h2>\n<p>Um dos principais pontos positivos desta vaga \u00e9 a integra\u00e7\u00e3o num grupo empresarial experiente, est\u00e1vel e com presen\u00e7a internacional.<\/p>\n<p>H\u00e1 oportunidades concretas de forma\u00e7\u00e3o e desenvolvimento de compet\u00eancias, tanto pessoais quanto t\u00e9cnicas, favorecendo a evolu\u00e7\u00e3o profissional dentro da empresa.<\/p>\n<p>Trabalhar com uma equipa din\u00e2mica permite partilha de experi\u00eancias e constante aprendizagem, tornando as rotinas mais estimulantes.<\/p>\n<h2>Pontos Menos Favor\u00e1veis<\/h2>\n<p>O regime de hor\u00e1rios rotativos pode n\u00e3o ser ideal para quem procura um hor\u00e1rio fixo ou estabilidade total na rotina semanal.<\/p>\n<p>H\u00e1 exig\u00eancia de postura proactiva e flexibilidade, o que pode ser exigente para quem n\u00e3o se adapta facilmente a ambientes movimentados.<\/p>\n<h2>Veredito Final<\/h2>\n<p>Esta vaga destina-se a pessoas comunicativas, din\u00e2micas e apaixonadas pela \u00e1rea comercial. O ambiente oferece suporte e condi\u00e7\u00f5es para crescer, mas exige envolvimento ativo e vontade de aprender diariamente. Se procura um novo desafio, esta pode ser uma excelente escolha.<\/p>\n<div style=\"background: #ffffff; border-radius: 12px; box-shadow: 0 10px 30px rgba(0, 0, 0, 0.1); width: 100%; max-width: 340px; padding: 25px; transition: transform 0.3s ease-in-out; overflow: visible; display: flex; flex-direction: column; position: relative; border: 1px solid #28a745; margin-top: 70px; margin-bottom: 50px; margin-left: auto; margin-right: auto;\">\n<div style=\"position: absolute; top: -35px; right: 15px; color: #28a745; padding: 5px 10px; border-radius: 6px; font-size: 14px; font-weight: bold; display: flex; align-items: center; z-index: 10;\">Recomendado para si<\/div>\n<div data-namespace-header=\"\" style=\"\">\n<h3 data-namespace-title=\"\" style=\"color: #333; font-size: 20px; font-weight: bold; text-align: left; margin-right: 50px; min-height: 50px; margin-top: 0px;\">Vendedor(a) de Loja<\/h3>\n<\/p><\/div>\n<p data-namespace-prompt=\"\" style=\"font-size: 16px; color: #666; margin-bottom: 20px; line-height: 1.5; flex-grow: 1; text-align: left; margin-top: 0px;\">Oportunidade para quem aprecia atendimento ao cliente e gosta de mobili\u00e1rio moderno. Requisitos incluem experi\u00eancia em vendas, boa comunica\u00e7\u00e3o e esp\u00edrito din\u00e2mico. Equipa jovem e perspectiva de crescimento.<\/p>\n<p>    <a data-namespace-url=\"\" href=\"https:\/\/magistrae.com\/es\/redirect\/?https:\/\/ao.empregosyoyota.net\/empregos\/vaga-para-vendedor-de-loja-mf-mobiliario-e-decoracao?utm_campaign=google_jobs_apply&#038;utm_source=google_jobs_apply&#038;utm_medium=organic\" style=\"width: 100%; display: inline-block; color: white; text-decoration: none; border-radius: 6px; font-size: 16px; font-weight: bold; text-align: center; transition: transform 0.3s ease, background 0.3s ease; margin-top: auto;\" data-namespace-id=\"5c0d2565-3ba9-4280-a382-ad2a691e2285\"><br \/>\n        <button style=\"width: 100%; height: 55px; background: #e9e9ed; border: 1px solid black; color: black;\">Candidatar-se ao emprego<\/button><br \/>\n    <\/a><br \/>\n    <small style=\"margin-top: 10px; color: #777; font-size: 12px; text-align: center; display: block;\">Ser\u00e1 redirigido a otro sitio<\/small>\n<\/div>","protected":false},"excerpt":{"rendered":"<p>Vaga de Vendedor(a) de Loja em mobili\u00e1rio e decora\u00e7\u00e3o. Descubra os pontos positivos e negativos desta oportunidade e avance para integrar uma equipa din\u00e2mica e em crescimento.<\/p>","protected":false},"author":3,"featured_media":0,"comment_status":"open","ping_status":"open","sticky":false,"template":"","format":"standard","meta":{"_uag_custom_page_level_css":"","site-sidebar-layout":"default","site-content-layout":"","ast-site-content-layout":"","site-content-style":"default","site-sidebar-style":"default","ast-global-header-display":"","ast-banner-title-visibility":"","ast-main-header-display":"","ast-hfb-above-header-display":"","ast-hfb-below-header-display":"","ast-hfb-mobile-header-display":"","site-post-title":"","ast-breadcrumbs-content":"","ast-featured-img":"","footer-sml-layout":"","theme-transparent-header-meta":"","adv-header-id-meta":"","stick-header-meta":"","header-above-stick-meta":"","header-main-stick-meta":"","header-below-stick-meta":"","astra-migrate-meta-layouts":"default","ast-page-background-enabled":"default","ast-page-background-meta":{"desktop":{"background-color":"var(--ast-global-color-4)","background-image":"","background-repeat":"repeat","background-position":"center center","background-size":"auto","background-attachment":"scroll","background-type":"","background-media":"","overlay-type":"","overlay-color":"","overlay-opacity":"","overlay-gradient":""},"tablet":{"background-color":"","background-image":"","background-repeat":"repeat","background-position":"center center","background-size":"auto","background-attachment":"scroll","background-type":"","background-media":"","overlay-type":"","overlay-color":"","overlay-opacity":"","overlay-gradient":""},"mobile":{"background-color":"","background-image":"","background-repeat":"repeat","background-position":"center center","background-size":"auto","background-attachment":"scroll","background-type":"","background-media":"","overlay-type":"","overlay-color":"","overlay-opacity":"","overlay-gradient":""}},"ast-content-background-meta":{"desktop":{"background-color":"var(--ast-global-color-5)","background-image":"","background-repeat":"repeat","background-position":"center center","background-size":"auto","background-attachment":"scroll","background-type":"","background-media":"","overlay-type":"","overlay-color":"","overlay-opacity":"","overlay-gradient":""},"tablet":{"background-color":"var(--ast-global-color-5)","background-image":"","background-repeat":"repeat","background-position":"center center","background-size":"auto","background-attachment":"scroll","background-type":"","background-media":"","overlay-type":"","overlay-color":"","overlay-opacity":"","overlay-gradient":""},"mobile":{"background-color":"var(--ast-global-color-5)","background-image":"","background-repeat":"repeat","background-position":"center center","background-size":"auto","background-attachment":"scroll","background-type":"","background-media":"","overlay-type":"","overlay-color":"","overlay-opacity":"","overlay-gradient":""}},"footnotes":""},"categories":[14],"tags":[],"yoast_head":"<!-- This site is optimized with the Yoast SEO plugin v23.3 - https:\/\/yoast.com\/wordpress\/plugins\/seo\/ -->\n<title>Vendedor(a) de Loja \u2013 Mobili\u00e1rio e Decora\u00e7\u00e3o, Equipa Jovem e Crescimento Profissional - Magistrae<\/title>\n<meta name=\"robots\" content=\"index, follow, max-snippet:-1, max-image-preview:large, max-video-preview:-1\" \/>\n<link rel=\"canonical\" href=\"https:\/\/magistrae.com\/es\/b442d521-7fa4-46bc-b1cd-7405babb0752\/\" \/>\n<meta property=\"og:locale\" content=\"es_ES\" \/>\n<meta property=\"og:type\" content=\"article\" \/>\n<meta property=\"og:title\" content=\"Vendedor(a) de Loja \u2013 Mobili\u00e1rio e Decora\u00e7\u00e3o, Equipa Jovem e Crescimento Profissional - Magistrae\" \/>\n<meta property=\"og:description\" content=\"Vaga de Vendedor(a) de Loja em mobili\u00e1rio e decora\u00e7\u00e3o. Descubra os pontos positivos e negativos desta oportunidade e avance para integrar uma equipa din\u00e2mica e em crescimento.\" \/>\n<meta property=\"og:url\" content=\"https:\/\/magistrae.com\/es\/b442d521-7fa4-46bc-b1cd-7405babb0752\/\" \/>\n<meta property=\"og:site_name\" content=\"Magistrae\" \/>\n<meta property=\"article:published_time\" content=\"2026-04-02T02:04:00+00:00\" \/>\n<meta property=\"article:modified_time\" content=\"2026-04-02T02:04:24+00:00\" \/>\n<meta name=\"author\" content=\"Bruno Gianni\" \/>\n<meta name=\"twitter:card\" content=\"summary_large_image\" \/>\n<meta name=\"twitter:label1\" content=\"Written by\" \/>\n\t<meta name=\"twitter:data1\" content=\"Bruno Gianni\" \/>\n\t<meta name=\"twitter:label2\" content=\"Est. reading time\" \/>\n\t<meta name=\"twitter:data2\" content=\"2 minutos\" \/>\n<script type=\"application\/ld+json\" class=\"yoast-schema-graph\">{\"@context\":\"https:\/\/schema.org\",\"@graph\":[{\"@type\":\"Article\",\"@id\":\"https:\/\/magistrae.com\/b442d521-7fa4-46bc-b1cd-7405babb0752\/#article\",\"isPartOf\":{\"@id\":\"https:\/\/magistrae.com\/b442d521-7fa4-46bc-b1cd-7405babb0752\/\"},\"author\":{\"name\":\"Bruno Gianni\",\"@id\":\"https:\/\/magistrae.com\/#\/schema\/person\/d52888235fd6563bd07d97185d6a61e4\"},\"headline\":\"Vendedor(a) de Loja \u2013 Mobili\u00e1rio e Decora\u00e7\u00e3o, Equipa Jovem e Crescimento Profissional\",\"datePublished\":\"2026-04-02T02:04:00+00:00\",\"dateModified\":\"2026-04-02T02:04:24+00:00\",\"mainEntityOfPage\":{\"@id\":\"https:\/\/magistrae.com\/b442d521-7fa4-46bc-b1cd-7405babb0752\/\"},\"wordCount\":495,\"commentCount\":0,\"publisher\":{\"@id\":\"https:\/\/magistrae.com\/#organization\"},\"articleSection\":[\"Hidden\"],\"inLanguage\":\"es\",\"potentialAction\":[{\"@type\":\"CommentAction\",\"name\":\"Comment\",\"target\":[\"https:\/\/magistrae.com\/b442d521-7fa4-46bc-b1cd-7405babb0752\/#respond\"]}]},{\"@type\":\"WebPage\",\"@id\":\"https:\/\/magistrae.com\/b442d521-7fa4-46bc-b1cd-7405babb0752\/\",\"url\":\"https:\/\/magistrae.com\/b442d521-7fa4-46bc-b1cd-7405babb0752\/\",\"name\":\"Vendedor(a) de Loja \u2013 Mobili\u00e1rio e Decora\u00e7\u00e3o, Equipa Jovem e Crescimento Profissional - Magistrae\",\"isPartOf\":{\"@id\":\"https:\/\/magistrae.com\/#website\"},\"datePublished\":\"2026-04-02T02:04:00+00:00\",\"dateModified\":\"2026-04-02T02:04:24+00:00\",\"breadcrumb\":{\"@id\":\"https:\/\/magistrae.com\/b442d521-7fa4-46bc-b1cd-7405babb0752\/#breadcrumb\"},\"inLanguage\":\"es\",\"potentialAction\":[{\"@type\":\"ReadAction\",\"target\":[\"https:\/\/magistrae.com\/b442d521-7fa4-46bc-b1cd-7405babb0752\/\"]}]},{\"@type\":\"BreadcrumbList\",\"@id\":\"https:\/\/magistrae.com\/b442d521-7fa4-46bc-b1cd-7405babb0752\/#breadcrumb\",\"itemListElement\":[{\"@type\":\"ListItem\",\"position\":1,\"name\":\"Home\",\"item\":\"https:\/\/magistrae.com\/\"},{\"@type\":\"ListItem\",\"position\":2,\"name\":\"Vendedor(a) de Loja \u2013 Mobili\u00e1rio e Decora\u00e7\u00e3o, Equipa Jovem e Crescimento Profissional\"}]},{\"@type\":\"WebSite\",\"@id\":\"https:\/\/magistrae.com\/#website\",\"url\":\"https:\/\/magistrae.com\/\",\"name\":\"Magistrae\",\"description\":\"\",\"publisher\":{\"@id\":\"https:\/\/magistrae.com\/#organization\"},\"potentialAction\":[{\"@type\":\"SearchAction\",\"target\":{\"@type\":\"EntryPoint\",\"urlTemplate\":\"https:\/\/magistrae.com\/?s={search_term_string}\"},\"query-input\":\"required name=search_term_string\"}],\"inLanguage\":\"es\"},{\"@type\":\"Organization\",\"@id\":\"https:\/\/magistrae.com\/#organization\",\"name\":\"Magistrae\",\"url\":\"https:\/\/magistrae.com\/\",\"logo\":{\"@type\":\"ImageObject\",\"inLanguage\":\"es\",\"@id\":\"https:\/\/magistrae.com\/#\/schema\/logo\/image\/\",\"url\":\"https:\/\/magistrae.com\/wp-content\/uploads\/sites\/413\/2026\/03\/9_Magistrae.jpg\",\"contentUrl\":\"https:\/\/magistrae.com\/wp-content\/uploads\/sites\/413\/2026\/03\/9_Magistrae.jpg\",\"width\":2000,\"height\":2000,\"caption\":\"Magistrae\"},\"image\":{\"@id\":\"https:\/\/magistrae.com\/#\/schema\/logo\/image\/\"}},{\"@type\":\"Person\",\"@id\":\"https:\/\/magistrae.com\/#\/schema\/person\/d52888235fd6563bd07d97185d6a61e4\",\"name\":\"Bruno Gianni\",\"image\":{\"@type\":\"ImageObject\",\"inLanguage\":\"es\",\"@id\":\"https:\/\/magistrae.com\/#\/schema\/person\/image\/\",\"url\":\"https:\/\/secure.gravatar.com\/avatar\/0f5d42d7bf77874643c1478932860e3f?s=96&d=mm&r=g\",\"contentUrl\":\"https:\/\/secure.gravatar.com\/avatar\/0f5d42d7bf77874643c1478932860e3f?s=96&d=mm&r=g\",\"caption\":\"Bruno Gianni\"},\"description\":\"Bruno writes the way he lives, with curiosity, care, and respect for people. He likes to observe, listen, and try to understand what is happening on the other side before putting any words on the page.For him, writing is not about impressing, but about getting closer. It is about turning thoughts into something simple, clear, and real. Every text is an ongoing conversation, created with care and honesty, with the sincere intention of touching someone, somewhere along the way.\",\"url\":\"https:\/\/magistrae.com\/es\/author\/bcgianni\/\"}]}<\/script>\n<!-- \/ Yoast SEO plugin. -->","yoast_head_json":{"title":"Vendedor(a) de Loja \u2013 Mobili\u00e1rio e Decora\u00e7\u00e3o, Equipa Jovem e Crescimento Profissional - Magistrae","robots":{"index":"index","follow":"follow","max-snippet":"max-snippet:-1","max-image-preview":"max-image-preview:large","max-video-preview":"max-video-preview:-1"},"canonical":"https:\/\/magistrae.com\/es\/b442d521-7fa4-46bc-b1cd-7405babb0752\/","og_locale":"es_ES","og_type":"article","og_title":"Vendedor(a) de Loja \u2013 Mobili\u00e1rio e Decora\u00e7\u00e3o, Equipa Jovem e Crescimento Profissional - Magistrae","og_description":"Vaga de Vendedor(a) de Loja em mobili\u00e1rio e decora\u00e7\u00e3o. Descubra os pontos positivos e negativos desta oportunidade e avance para integrar uma equipa din\u00e2mica e em crescimento.","og_url":"https:\/\/magistrae.com\/es\/b442d521-7fa4-46bc-b1cd-7405babb0752\/","og_site_name":"Magistrae","article_published_time":"2026-04-02T02:04:00+00:00","article_modified_time":"2026-04-02T02:04:24+00:00","author":"Bruno Gianni","twitter_card":"summary_large_image","twitter_misc":{"Written by":"Bruno Gianni","Est. reading time":"2 minutos"},"schema":{"@context":"https:\/\/schema.org","@graph":[{"@type":"Article","@id":"https:\/\/magistrae.com\/b442d521-7fa4-46bc-b1cd-7405babb0752\/#article","isPartOf":{"@id":"https:\/\/magistrae.com\/b442d521-7fa4-46bc-b1cd-7405babb0752\/"},"author":{"name":"Bruno Gianni","@id":"https:\/\/magistrae.com\/#\/schema\/person\/d52888235fd6563bd07d97185d6a61e4"},"headline":"Vendedor(a) de Loja \u2013 Mobili\u00e1rio e Decora\u00e7\u00e3o, Equipa Jovem e Crescimento Profissional","datePublished":"2026-04-02T02:04:00+00:00","dateModified":"2026-04-02T02:04:24+00:00","mainEntityOfPage":{"@id":"https:\/\/magistrae.com\/b442d521-7fa4-46bc-b1cd-7405babb0752\/"},"wordCount":495,"commentCount":0,"publisher":{"@id":"https:\/\/magistrae.com\/#organization"},"articleSection":["Hidden"],"inLanguage":"es","potentialAction":[{"@type":"CommentAction","name":"Comment","target":["https:\/\/magistrae.com\/b442d521-7fa4-46bc-b1cd-7405babb0752\/#respond"]}]},{"@type":"WebPage","@id":"https:\/\/magistrae.com\/b442d521-7fa4-46bc-b1cd-7405babb0752\/","url":"https:\/\/magistrae.com\/b442d521-7fa4-46bc-b1cd-7405babb0752\/","name":"Vendedor(a) de Loja \u2013 Mobili\u00e1rio e Decora\u00e7\u00e3o, Equipa Jovem e Crescimento Profissional - Magistrae","isPartOf":{"@id":"https:\/\/magistrae.com\/#website"},"datePublished":"2026-04-02T02:04:00+00:00","dateModified":"2026-04-02T02:04:24+00:00","breadcrumb":{"@id":"https:\/\/magistrae.com\/b442d521-7fa4-46bc-b1cd-7405babb0752\/#breadcrumb"},"inLanguage":"es","potentialAction":[{"@type":"ReadAction","target":["https:\/\/magistrae.com\/b442d521-7fa4-46bc-b1cd-7405babb0752\/"]}]},{"@type":"BreadcrumbList","@id":"https:\/\/magistrae.com\/b442d521-7fa4-46bc-b1cd-7405babb0752\/#breadcrumb","itemListElement":[{"@type":"ListItem","position":1,"name":"Home","item":"https:\/\/magistrae.com\/"},{"@type":"ListItem","position":2,"name":"Vendedor(a) de Loja \u2013 Mobili\u00e1rio e Decora\u00e7\u00e3o, Equipa Jovem e Crescimento Profissional"}]},{"@type":"WebSite","@id":"https:\/\/magistrae.com\/#website","url":"https:\/\/magistrae.com\/","name":"Magistrae","description":"","publisher":{"@id":"https:\/\/magistrae.com\/#organization"},"potentialAction":[{"@type":"SearchAction","target":{"@type":"EntryPoint","urlTemplate":"https:\/\/magistrae.com\/?s={search_term_string}"},"query-input":"required name=search_term_string"}],"inLanguage":"es"},{"@type":"Organization","@id":"https:\/\/magistrae.com\/#organization","name":"Magistrae","url":"https:\/\/magistrae.com\/","logo":{"@type":"ImageObject","inLanguage":"es","@id":"https:\/\/magistrae.com\/#\/schema\/logo\/image\/","url":"https:\/\/magistrae.com\/wp-content\/uploads\/sites\/413\/2026\/03\/9_Magistrae.jpg","contentUrl":"https:\/\/magistrae.com\/wp-content\/uploads\/sites\/413\/2026\/03\/9_Magistrae.jpg","width":2000,"height":2000,"caption":"Magistrae"},"image":{"@id":"https:\/\/magistrae.com\/#\/schema\/logo\/image\/"}},{"@type":"Person","@id":"https:\/\/magistrae.com\/#\/schema\/person\/d52888235fd6563bd07d97185d6a61e4","name":"Bruno Gianni","image":{"@type":"ImageObject","inLanguage":"es","@id":"https:\/\/magistrae.com\/#\/schema\/person\/image\/","url":"https:\/\/secure.gravatar.com\/avatar\/0f5d42d7bf77874643c1478932860e3f?s=96&d=mm&r=g","contentUrl":"https:\/\/secure.gravatar.com\/avatar\/0f5d42d7bf77874643c1478932860e3f?s=96&d=mm&r=g","caption":"Bruno Gianni"},"description":"Bruno writes the way he lives, with curiosity, care, and respect for people. He likes to observe, listen, and try to understand what is happening on the other side before putting any words on the page.For him, writing is not about impressing, but about getting closer. It is about turning thoughts into something simple, clear, and real. Every text is an ongoing conversation, created with care and honesty, with the sincere intention of touching someone, somewhere along the way.","url":"https:\/\/magistrae.com\/es\/author\/bcgianni\/"}]}},"uagb_featured_image_src":{"full":false,"thumbnail":false,"medium":false,"medium_large":false,"large":false,"1536x1536":false,"2048x2048":false,"trp-custom-language-flag":false},"uagb_author_info":{"display_name":"Bruno Gianni","author_link":"https:\/\/magistrae.com\/es\/author\/bcgianni\/"},"uagb_comment_info":0,"uagb_excerpt":"Vaga de Vendedor(a) de Loja em mobili\u00e1rio e decora\u00e7\u00e3o. Descubra os pontos positivos e negativos desta oportunidade e avance para integrar uma equipa din\u00e2mica e em crescimento.","_links":{"self":[{"href":"https:\/\/magistrae.com\/es\/wp-json\/wp\/v2\/posts\/11287"}],"collection":[{"href":"https:\/\/magistrae.com\/es\/wp-json\/wp\/v2\/posts"}],"about":[{"href":"https:\/\/magistrae.com\/es\/wp-json\/wp\/v2\/types\/post"}],"author":[{"embeddable":true,"href":"https:\/\/magistrae.com\/es\/wp-json\/wp\/v2\/users\/3"}],"replies":[{"embeddable":true,"href":"https:\/\/magistrae.com\/es\/wp-json\/wp\/v2\/comments?post=11287"}],"version-history":[{"count":1,"href":"https:\/\/magistrae.com\/es\/wp-json\/wp\/v2\/posts\/11287\/revisions"}],"predecessor-version":[{"id":11296,"href":"https:\/\/magistrae.com\/es\/wp-json\/wp\/v2\/posts\/11287\/revisions\/11296"}],"wp:attachment":[{"href":"https:\/\/magistrae.com\/es\/wp-json\/wp\/v2\/media?parent=11287"}],"wp:term":[{"taxonomy":"category","embeddable":true,"href":"https:\/\/magistrae.com\/es\/wp-json\/wp\/v2\/categories?post=11287"},{"taxonomy":"post_tag","embeddable":true,"href":"https:\/\/magistrae.com\/es\/wp-json\/wp\/v2\/tags?post=11287"}],"curies":[{"name":"wp","href":"https:\/\/api.w.org\/{rel}","templated":true}]}}