{"id":11280,"date":"2026-04-02T02:03:00","date_gmt":"2026-04-02T02:03:00","guid":{"rendered":"https:\/\/magistrae.com\/376a4fc9-b930-4b0c-bd88-a07501f7ecd1\/"},"modified":"2026-04-02T02:03:02","modified_gmt":"2026-04-02T02:03:02","slug":"376a4fc9-b930-4b0c-bd88-a07501f7ecd1","status":"publish","type":"post","link":"https:\/\/magistrae.com\/es\/376a4fc9-b930-4b0c-bd88-a07501f7ecd1\/","title":{"rendered":"Gerente de Loja \u2014 Vaga S\u00eanior com Lideran\u00e7a e Oportunidades de Crescimento"},"content":{"rendered":"<\/p>\n<\/p>\n<div style=\"background: #ffffff; border-radius: 12px; box-shadow: 0 10px 30px rgba(0, 0, 0, 0.1); width: 100%; max-width: 340px; padding: 25px; transition: transform 0.3s ease-in-out; overflow: visible; display: flex; flex-direction: column; position: relative; border: 1px solid #28a745; margin-top: 70px; margin-bottom: 50px; margin-left: auto; margin-right: auto;\">\n<div style=\"position: absolute; top: -35px; right: 15px; color: #28a745; padding: 5px 10px; border-radius: 6px; font-size: 14px; font-weight: bold; display: flex; align-items: center; z-index: 10;\">Recomendado para si<\/div>\n<div data-namespace-header=\"\" style=\"\">\n<h3 data-namespace-title=\"\" style=\"color: #333; font-size: 20px; font-weight: bold; text-align: left; margin-right: 50px; min-height: 50px; margin-top: 0px;\">Gerente de Loja<\/h3>\n<\/p><\/div>\n<p data-namespace-prompt=\"\" style=\"font-size: 16px; color: #666; margin-bottom: 20px; line-height: 1.5; flex-grow: 1; text-align: left; margin-top: 0px;\">Gest\u00e3o operacional, lideran\u00e7a de equipa, campanhas de vendas; \u00e9 necess\u00e1ria experi\u00eancia, capacidades de comunica\u00e7\u00e3o e orienta\u00e7\u00e3o para resultados. Cres\u00e7a profissionalmente!<\/p>\n<p>    <a data-namespace-url=\"\" href=\"https:\/\/magistrae.com\/es\/redirect\/?https:\/\/angoemprego.com\/vagas\/tecnico-comercial-vendedor\/?utm_campaign=google_jobs_apply&#038;utm_source=google_jobs_apply&#038;utm_medium=organic\" style=\"width: 100%; display: inline-block; color: white; text-decoration: none; border-radius: 6px; font-size: 16px; font-weight: bold; text-align: center; transition: transform 0.3s ease, background 0.3s ease; margin-top: auto;\" data-namespace-id=\"5c0d2565-3ba9-4280-a382-ad2a691e2285\"><br \/>\n        <button style=\"width: 100%; height: 55px; background: #e9e9ed; border: 1px solid black; color: black;\">Candidatar-se ao emprego<\/button><br \/>\n    <\/a><br \/>\n    <small style=\"margin-top: 10px; color: #777; font-size: 12px; text-align: center; display: block;\">Ser\u00e1 redireccionado para otro sitio<\/small>\n<\/div>\n<p>O cargo de Gerente de Loja est\u00e1 aberto para profissionais experientes e com vis\u00e3o de lideran\u00e7a. A vaga destina-se a quem aprecia desafios e tem forte motiva\u00e7\u00e3o para alcan\u00e7ar resultados, com sal\u00e1rio e condi\u00e7\u00f5es de acordo com o mercado, al\u00e9m de benef\u00edcios competitivos.<\/p>\n<p>Esta oportunidade \u00e9 ideal para quem possui, no m\u00ednimo, o 12\u00ba ano de escolaridade, preferencialmente em \u00e1reas ligadas ao ramo alimentar, e pelo menos 5 anos de experi\u00eancia em fun\u00e7\u00f5es de gest\u00e3o de equipas e opera\u00e7\u00f5es em supermercados.<\/p>\n<p>Os requisitos valorizam proatividade, capacidades de lideran\u00e7a, forma\u00e7\u00e3o de equipas, compet\u00eancia comunicacional e profissionalismo. O tipo de emprego \u00e9 indicado a quem procura um ambiente din\u00e2mico e focado no desenvolvimento cont\u00ednuo das equipas.<\/p>\n<h3>Fun\u00e7\u00f5es e Rotina Di\u00e1ria<\/h3>\n<p>No dia-a-dia, o gerente de loja coordena e motiva a equipa para maximizar os esfor\u00e7os e aumentar as vendas, al\u00e9m de gerir as opera\u00e7\u00f5es cotidianas.<\/p>\n<p>\u00c9 igualmente respons\u00e1vel por garantir a reposi\u00e7\u00e3o do stock, implementar campanhas de comunica\u00e7\u00e3o, promover produtos e organizar promo\u00e7\u00f5es nas lojas.<\/p>\n<p>Tamb\u00e9m ir\u00e1 analisar as vendas e elaborar relat\u00f3rios detalhados, tomar decis\u00f5es r\u00e1pidas e ajustar as estrat\u00e9gias conforme o desempenho da loja e resultados obtidos.<\/p>\n<p>Adicionalmente, o gerente realiza a forma\u00e7\u00e3o dos novos colaboradores e acompanha o desempenho de cada membro da equipa, promovendo um ambiente de crescimento coletivo.<\/p>\n<p>O desempenho nesta fun\u00e7\u00e3o \u00e9 diretamente ligado ao sucesso operacional e comercial dos neg\u00f3cios da empresa.<\/p>\n<h3>Vantagens e Pontos Positivos<\/h3>\n<p>Uma das principais vantagens \u00e9 a possibilidade de crescimento profissional e desenvolvimento das capacidades de lideran\u00e7a, essenciais para futuras oportunidades de carreira.<\/p>\n<p>Outro ponto positivo \u00e9 o trabalho em equipa, sempre com o objectivo de otimizar resultados e maximizar o potencial de cada colaborador, valorizando o esp\u00edrito de equipa.<\/p>\n<h3>Desafios e Considera\u00e7\u00f5es<\/h3>\n<p>Entre os desafios do cargo est\u00e1 a necessidade de gerir diferentes personalidades e manter a equipa motivada perante poss\u00edveis obst\u00e1culos ou press\u00f5es di\u00e1rias.<\/p>\n<p>Outro fator a considerar \u00e9 a responsabilidade pela gest\u00e3o de stocks e elabora\u00e7\u00e3o de relat\u00f3rios de vendas, exigindo aten\u00e7\u00e3o ao detalhe e organiza\u00e7\u00e3o.<\/p>\n<h3>Veredicto Final<\/h3>\n<p>O posto de Gerente de Loja oferece perspectivas de crescimento, forma\u00e7\u00e3o e reconhecimento profissional, ideal para quem almeja liderar equipas e gerir opera\u00e7\u00f5es comerciais com sucesso.<\/p>\n<p>Se pretende evoluir na carreira em ambiente din\u00e2mico, investindo nas suas capacidades de lideran\u00e7a, esta vaga \u00e9 uma excelente escolha.<\/p>\n<div style=\"background: #ffffff; border-radius: 12px; box-shadow: 0 10px 30px rgba(0, 0, 0, 0.1); width: 100%; max-width: 340px; padding: 25px; transition: transform 0.3s ease-in-out; overflow: visible; display: flex; flex-direction: column; position: relative; border: 1px solid #28a745; margin-top: 70px; margin-bottom: 50px; margin-left: auto; margin-right: auto;\">\n<div style=\"position: absolute; top: -35px; right: 15px; color: #28a745; padding: 5px 10px; border-radius: 6px; font-size: 14px; font-weight: bold; display: flex; align-items: center; z-index: 10;\">Recomendado para si<\/div>\n<div data-namespace-header=\"\" style=\"\">\n<h3 data-namespace-title=\"\" style=\"color: #333; font-size: 20px; font-weight: bold; text-align: left; margin-right: 50px; min-height: 50px; margin-top: 0px;\">Gerente de Loja<\/h3>\n<\/p><\/div>\n<p data-namespace-prompt=\"\" style=\"font-size: 16px; color: #666; margin-bottom: 20px; line-height: 1.5; flex-grow: 1; text-align: left; margin-top: 0px;\">Gest\u00e3o operacional, lideran\u00e7a de equipa, campanhas de vendas; \u00e9 necess\u00e1ria experi\u00eancia, capacidades de comunica\u00e7\u00e3o e orienta\u00e7\u00e3o para resultados. Cres\u00e7a profissionalmente!<\/p>\n<p>    <a data-namespace-url=\"\" href=\"https:\/\/magistrae.com\/es\/redirect\/?https:\/\/angoemprego.com\/vagas\/tecnico-comercial-vendedor\/?utm_campaign=google_jobs_apply&#038;utm_source=google_jobs_apply&#038;utm_medium=organic\" style=\"width: 100%; display: inline-block; color: white; text-decoration: none; border-radius: 6px; font-size: 16px; font-weight: bold; text-align: center; transition: transform 0.3s ease, background 0.3s ease; margin-top: auto;\" data-namespace-id=\"5c0d2565-3ba9-4280-a382-ad2a691e2285\"><br \/>\n        <button style=\"width: 100%; height: 55px; background: #e9e9ed; border: 1px solid black; color: black;\">Candidatar-se ao emprego<\/button><br \/>\n    <\/a><br \/>\n    <small style=\"margin-top: 10px; color: #777; font-size: 12px; text-align: center; display: block;\">Ser\u00e1 redireccionado para otro sitio<\/small>\n<\/div>","protected":false},"excerpt":{"rendered":"<p>Vaga para Gerente de Loja! Oportunidade s\u00eanior para liderar equipas, gerir opera\u00e7\u00f5es e crescer profissionalmente. Candidate-se j\u00e1 e melhore a sua carreira.<\/p>","protected":false},"author":3,"featured_media":0,"comment_status":"open","ping_status":"open","sticky":false,"template":"","format":"standard","meta":{"_uag_custom_page_level_css":"","site-sidebar-layout":"default","site-content-layout":"","ast-site-content-layout":"","site-content-style":"default","site-sidebar-style":"default","ast-global-header-display":"","ast-banner-title-visibility":"","ast-main-header-display":"","ast-hfb-above-header-display":"","ast-hfb-below-header-display":"","ast-hfb-mobile-header-display":"","site-post-title":"","ast-breadcrumbs-content":"","ast-featured-img":"","footer-sml-layout":"","theme-transparent-header-meta":"","adv-header-id-meta":"","stick-header-meta":"","header-above-stick-meta":"","header-main-stick-meta":"","header-below-stick-meta":"","astra-migrate-meta-layouts":"default","ast-page-background-enabled":"default","ast-page-background-meta":{"desktop":{"background-color":"var(--ast-global-color-4)","background-image":"","background-repeat":"repeat","background-position":"center center","background-size":"auto","background-attachment":"scroll","background-type":"","background-media":"","overlay-type":"","overlay-color":"","overlay-opacity":"","overlay-gradient":""},"tablet":{"background-color":"","background-image":"","background-repeat":"repeat","background-position":"center center","background-size":"auto","background-attachment":"scroll","background-type":"","background-media":"","overlay-type":"","overlay-color":"","overlay-opacity":"","overlay-gradient":""},"mobile":{"background-color":"","background-image":"","background-repeat":"repeat","background-position":"center center","background-size":"auto","background-attachment":"scroll","background-type":"","background-media":"","overlay-type":"","overlay-color":"","overlay-opacity":"","overlay-gradient":""}},"ast-content-background-meta":{"desktop":{"background-color":"var(--ast-global-color-5)","background-image":"","background-repeat":"repeat","background-position":"center center","background-size":"auto","background-attachment":"scroll","background-type":"","background-media":"","overlay-type":"","overlay-color":"","overlay-opacity":"","overlay-gradient":""},"tablet":{"background-color":"var(--ast-global-color-5)","background-image":"","background-repeat":"repeat","background-position":"center center","background-size":"auto","background-attachment":"scroll","background-type":"","background-media":"","overlay-type":"","overlay-color":"","overlay-opacity":"","overlay-gradient":""},"mobile":{"background-color":"var(--ast-global-color-5)","background-image":"","background-repeat":"repeat","background-position":"center center","background-size":"auto","background-attachment":"scroll","background-type":"","background-media":"","overlay-type":"","overlay-color":"","overlay-opacity":"","overlay-gradient":""}},"footnotes":""},"categories":[14],"tags":[],"yoast_head":"<!-- This site is optimized with the Yoast SEO plugin v23.3 - https:\/\/yoast.com\/wordpress\/plugins\/seo\/ -->\n<title>Gerente de Loja \u2014 Vaga S\u00eanior com Lideran\u00e7a e Oportunidades de Crescimento - Magistrae<\/title>\n<meta name=\"robots\" content=\"index, follow, max-snippet:-1, max-image-preview:large, max-video-preview:-1\" \/>\n<link rel=\"canonical\" href=\"https:\/\/magistrae.com\/es\/376a4fc9-b930-4b0c-bd88-a07501f7ecd1\/\" \/>\n<meta property=\"og:locale\" content=\"es_ES\" \/>\n<meta property=\"og:type\" content=\"article\" \/>\n<meta property=\"og:title\" content=\"Gerente de Loja \u2014 Vaga S\u00eanior com Lideran\u00e7a e Oportunidades de Crescimento - Magistrae\" \/>\n<meta property=\"og:description\" content=\"Vaga para Gerente de Loja! Oportunidade s\u00eanior para liderar equipas, gerir opera\u00e7\u00f5es e crescer profissionalmente. Candidate-se j\u00e1 e melhore a sua carreira.\" \/>\n<meta property=\"og:url\" content=\"https:\/\/magistrae.com\/es\/376a4fc9-b930-4b0c-bd88-a07501f7ecd1\/\" \/>\n<meta property=\"og:site_name\" content=\"Magistrae\" \/>\n<meta property=\"article:published_time\" content=\"2026-04-02T02:03:00+00:00\" \/>\n<meta property=\"article:modified_time\" content=\"2026-04-02T02:03:02+00:00\" \/>\n<meta name=\"author\" content=\"Bruno Gianni\" \/>\n<meta name=\"twitter:card\" content=\"summary_large_image\" \/>\n<meta name=\"twitter:label1\" content=\"Written by\" \/>\n\t<meta name=\"twitter:data1\" content=\"Bruno Gianni\" \/>\n\t<meta name=\"twitter:label2\" content=\"Est. reading time\" \/>\n\t<meta name=\"twitter:data2\" content=\"2 minutos\" \/>\n<script type=\"application\/ld+json\" class=\"yoast-schema-graph\">{\"@context\":\"https:\/\/schema.org\",\"@graph\":[{\"@type\":\"Article\",\"@id\":\"https:\/\/magistrae.com\/376a4fc9-b930-4b0c-bd88-a07501f7ecd1\/#article\",\"isPartOf\":{\"@id\":\"https:\/\/magistrae.com\/376a4fc9-b930-4b0c-bd88-a07501f7ecd1\/\"},\"author\":{\"name\":\"Bruno Gianni\",\"@id\":\"https:\/\/magistrae.com\/#\/schema\/person\/d52888235fd6563bd07d97185d6a61e4\"},\"headline\":\"Gerente de Loja \u2014 Vaga S\u00eanior com Lideran\u00e7a e Oportunidades de Crescimento\",\"datePublished\":\"2026-04-02T02:03:00+00:00\",\"dateModified\":\"2026-04-02T02:03:02+00:00\",\"mainEntityOfPage\":{\"@id\":\"https:\/\/magistrae.com\/376a4fc9-b930-4b0c-bd88-a07501f7ecd1\/\"},\"wordCount\":511,\"commentCount\":0,\"publisher\":{\"@id\":\"https:\/\/magistrae.com\/#organization\"},\"articleSection\":[\"Hidden\"],\"inLanguage\":\"es\",\"potentialAction\":[{\"@type\":\"CommentAction\",\"name\":\"Comment\",\"target\":[\"https:\/\/magistrae.com\/376a4fc9-b930-4b0c-bd88-a07501f7ecd1\/#respond\"]}]},{\"@type\":\"WebPage\",\"@id\":\"https:\/\/magistrae.com\/376a4fc9-b930-4b0c-bd88-a07501f7ecd1\/\",\"url\":\"https:\/\/magistrae.com\/376a4fc9-b930-4b0c-bd88-a07501f7ecd1\/\",\"name\":\"Gerente de Loja \u2014 Vaga S\u00eanior com Lideran\u00e7a e Oportunidades de Crescimento - Magistrae\",\"isPartOf\":{\"@id\":\"https:\/\/magistrae.com\/#website\"},\"datePublished\":\"2026-04-02T02:03:00+00:00\",\"dateModified\":\"2026-04-02T02:03:02+00:00\",\"breadcrumb\":{\"@id\":\"https:\/\/magistrae.com\/376a4fc9-b930-4b0c-bd88-a07501f7ecd1\/#breadcrumb\"},\"inLanguage\":\"es\",\"potentialAction\":[{\"@type\":\"ReadAction\",\"target\":[\"https:\/\/magistrae.com\/376a4fc9-b930-4b0c-bd88-a07501f7ecd1\/\"]}]},{\"@type\":\"BreadcrumbList\",\"@id\":\"https:\/\/magistrae.com\/376a4fc9-b930-4b0c-bd88-a07501f7ecd1\/#breadcrumb\",\"itemListElement\":[{\"@type\":\"ListItem\",\"position\":1,\"name\":\"Home\",\"item\":\"https:\/\/magistrae.com\/\"},{\"@type\":\"ListItem\",\"position\":2,\"name\":\"Gerente de Loja \u2014 Vaga S\u00eanior com Lideran\u00e7a e Oportunidades de Crescimento\"}]},{\"@type\":\"WebSite\",\"@id\":\"https:\/\/magistrae.com\/#website\",\"url\":\"https:\/\/magistrae.com\/\",\"name\":\"Magistrae\",\"description\":\"\",\"publisher\":{\"@id\":\"https:\/\/magistrae.com\/#organization\"},\"potentialAction\":[{\"@type\":\"SearchAction\",\"target\":{\"@type\":\"EntryPoint\",\"urlTemplate\":\"https:\/\/magistrae.com\/?s={search_term_string}\"},\"query-input\":\"required name=search_term_string\"}],\"inLanguage\":\"es\"},{\"@type\":\"Organization\",\"@id\":\"https:\/\/magistrae.com\/#organization\",\"name\":\"Magistrae\",\"url\":\"https:\/\/magistrae.com\/\",\"logo\":{\"@type\":\"ImageObject\",\"inLanguage\":\"es\",\"@id\":\"https:\/\/magistrae.com\/#\/schema\/logo\/image\/\",\"url\":\"https:\/\/magistrae.com\/wp-content\/uploads\/sites\/413\/2026\/03\/9_Magistrae.jpg\",\"contentUrl\":\"https:\/\/magistrae.com\/wp-content\/uploads\/sites\/413\/2026\/03\/9_Magistrae.jpg\",\"width\":2000,\"height\":2000,\"caption\":\"Magistrae\"},\"image\":{\"@id\":\"https:\/\/magistrae.com\/#\/schema\/logo\/image\/\"}},{\"@type\":\"Person\",\"@id\":\"https:\/\/magistrae.com\/#\/schema\/person\/d52888235fd6563bd07d97185d6a61e4\",\"name\":\"Bruno Gianni\",\"image\":{\"@type\":\"ImageObject\",\"inLanguage\":\"es\",\"@id\":\"https:\/\/magistrae.com\/#\/schema\/person\/image\/\",\"url\":\"https:\/\/secure.gravatar.com\/avatar\/0f5d42d7bf77874643c1478932860e3f?s=96&d=mm&r=g\",\"contentUrl\":\"https:\/\/secure.gravatar.com\/avatar\/0f5d42d7bf77874643c1478932860e3f?s=96&d=mm&r=g\",\"caption\":\"Bruno Gianni\"},\"description\":\"Bruno writes the way he lives, with curiosity, care, and respect for people. He likes to observe, listen, and try to understand what is happening on the other side before putting any words on the page.For him, writing is not about impressing, but about getting closer. It is about turning thoughts into something simple, clear, and real. Every text is an ongoing conversation, created with care and honesty, with the sincere intention of touching someone, somewhere along the way.\",\"url\":\"https:\/\/magistrae.com\/es\/author\/bcgianni\/\"}]}<\/script>\n<!-- \/ Yoast SEO plugin. -->","yoast_head_json":{"title":"Gerente de Loja \u2014 Vaga S\u00eanior com Lideran\u00e7a e Oportunidades de Crescimento - Magistrae","robots":{"index":"index","follow":"follow","max-snippet":"max-snippet:-1","max-image-preview":"max-image-preview:large","max-video-preview":"max-video-preview:-1"},"canonical":"https:\/\/magistrae.com\/es\/376a4fc9-b930-4b0c-bd88-a07501f7ecd1\/","og_locale":"es_ES","og_type":"article","og_title":"Gerente de Loja \u2014 Vaga S\u00eanior com Lideran\u00e7a e Oportunidades de Crescimento - Magistrae","og_description":"Vaga para Gerente de Loja! Oportunidade s\u00eanior para liderar equipas, gerir opera\u00e7\u00f5es e crescer profissionalmente. Candidate-se j\u00e1 e melhore a sua carreira.","og_url":"https:\/\/magistrae.com\/es\/376a4fc9-b930-4b0c-bd88-a07501f7ecd1\/","og_site_name":"Magistrae","article_published_time":"2026-04-02T02:03:00+00:00","article_modified_time":"2026-04-02T02:03:02+00:00","author":"Bruno Gianni","twitter_card":"summary_large_image","twitter_misc":{"Written by":"Bruno Gianni","Est. reading time":"2 minutos"},"schema":{"@context":"https:\/\/schema.org","@graph":[{"@type":"Article","@id":"https:\/\/magistrae.com\/376a4fc9-b930-4b0c-bd88-a07501f7ecd1\/#article","isPartOf":{"@id":"https:\/\/magistrae.com\/376a4fc9-b930-4b0c-bd88-a07501f7ecd1\/"},"author":{"name":"Bruno Gianni","@id":"https:\/\/magistrae.com\/#\/schema\/person\/d52888235fd6563bd07d97185d6a61e4"},"headline":"Gerente de Loja \u2014 Vaga S\u00eanior com Lideran\u00e7a e Oportunidades de Crescimento","datePublished":"2026-04-02T02:03:00+00:00","dateModified":"2026-04-02T02:03:02+00:00","mainEntityOfPage":{"@id":"https:\/\/magistrae.com\/376a4fc9-b930-4b0c-bd88-a07501f7ecd1\/"},"wordCount":511,"commentCount":0,"publisher":{"@id":"https:\/\/magistrae.com\/#organization"},"articleSection":["Hidden"],"inLanguage":"es","potentialAction":[{"@type":"CommentAction","name":"Comment","target":["https:\/\/magistrae.com\/376a4fc9-b930-4b0c-bd88-a07501f7ecd1\/#respond"]}]},{"@type":"WebPage","@id":"https:\/\/magistrae.com\/376a4fc9-b930-4b0c-bd88-a07501f7ecd1\/","url":"https:\/\/magistrae.com\/376a4fc9-b930-4b0c-bd88-a07501f7ecd1\/","name":"Gerente de Loja \u2014 Vaga S\u00eanior com Lideran\u00e7a e Oportunidades de Crescimento - Magistrae","isPartOf":{"@id":"https:\/\/magistrae.com\/#website"},"datePublished":"2026-04-02T02:03:00+00:00","dateModified":"2026-04-02T02:03:02+00:00","breadcrumb":{"@id":"https:\/\/magistrae.com\/376a4fc9-b930-4b0c-bd88-a07501f7ecd1\/#breadcrumb"},"inLanguage":"es","potentialAction":[{"@type":"ReadAction","target":["https:\/\/magistrae.com\/376a4fc9-b930-4b0c-bd88-a07501f7ecd1\/"]}]},{"@type":"BreadcrumbList","@id":"https:\/\/magistrae.com\/376a4fc9-b930-4b0c-bd88-a07501f7ecd1\/#breadcrumb","itemListElement":[{"@type":"ListItem","position":1,"name":"Home","item":"https:\/\/magistrae.com\/"},{"@type":"ListItem","position":2,"name":"Gerente de Loja \u2014 Vaga S\u00eanior com Lideran\u00e7a e Oportunidades de Crescimento"}]},{"@type":"WebSite","@id":"https:\/\/magistrae.com\/#website","url":"https:\/\/magistrae.com\/","name":"Magistrae","description":"","publisher":{"@id":"https:\/\/magistrae.com\/#organization"},"potentialAction":[{"@type":"SearchAction","target":{"@type":"EntryPoint","urlTemplate":"https:\/\/magistrae.com\/?s={search_term_string}"},"query-input":"required name=search_term_string"}],"inLanguage":"es"},{"@type":"Organization","@id":"https:\/\/magistrae.com\/#organization","name":"Magistrae","url":"https:\/\/magistrae.com\/","logo":{"@type":"ImageObject","inLanguage":"es","@id":"https:\/\/magistrae.com\/#\/schema\/logo\/image\/","url":"https:\/\/magistrae.com\/wp-content\/uploads\/sites\/413\/2026\/03\/9_Magistrae.jpg","contentUrl":"https:\/\/magistrae.com\/wp-content\/uploads\/sites\/413\/2026\/03\/9_Magistrae.jpg","width":2000,"height":2000,"caption":"Magistrae"},"image":{"@id":"https:\/\/magistrae.com\/#\/schema\/logo\/image\/"}},{"@type":"Person","@id":"https:\/\/magistrae.com\/#\/schema\/person\/d52888235fd6563bd07d97185d6a61e4","name":"Bruno Gianni","image":{"@type":"ImageObject","inLanguage":"es","@id":"https:\/\/magistrae.com\/#\/schema\/person\/image\/","url":"https:\/\/secure.gravatar.com\/avatar\/0f5d42d7bf77874643c1478932860e3f?s=96&d=mm&r=g","contentUrl":"https:\/\/secure.gravatar.com\/avatar\/0f5d42d7bf77874643c1478932860e3f?s=96&d=mm&r=g","caption":"Bruno Gianni"},"description":"Bruno writes the way he lives, with curiosity, care, and respect for people. He likes to observe, listen, and try to understand what is happening on the other side before putting any words on the page.For him, writing is not about impressing, but about getting closer. It is about turning thoughts into something simple, clear, and real. Every text is an ongoing conversation, created with care and honesty, with the sincere intention of touching someone, somewhere along the way.","url":"https:\/\/magistrae.com\/es\/author\/bcgianni\/"}]}},"uagb_featured_image_src":{"full":false,"thumbnail":false,"medium":false,"medium_large":false,"large":false,"1536x1536":false,"2048x2048":false,"trp-custom-language-flag":false},"uagb_author_info":{"display_name":"Bruno Gianni","author_link":"https:\/\/magistrae.com\/es\/author\/bcgianni\/"},"uagb_comment_info":0,"uagb_excerpt":"Vaga para Gerente de Loja! Oportunidade s\u00eanior para liderar equipas, gerir opera\u00e7\u00f5es e crescer profissionalmente. Candidate-se j\u00e1 e melhore a sua carreira.","_links":{"self":[{"href":"https:\/\/magistrae.com\/es\/wp-json\/wp\/v2\/posts\/11280"}],"collection":[{"href":"https:\/\/magistrae.com\/es\/wp-json\/wp\/v2\/posts"}],"about":[{"href":"https:\/\/magistrae.com\/es\/wp-json\/wp\/v2\/types\/post"}],"author":[{"embeddable":true,"href":"https:\/\/magistrae.com\/es\/wp-json\/wp\/v2\/users\/3"}],"replies":[{"embeddable":true,"href":"https:\/\/magistrae.com\/es\/wp-json\/wp\/v2\/comments?post=11280"}],"version-history":[{"count":1,"href":"https:\/\/magistrae.com\/es\/wp-json\/wp\/v2\/posts\/11280\/revisions"}],"predecessor-version":[{"id":11290,"href":"https:\/\/magistrae.com\/es\/wp-json\/wp\/v2\/posts\/11280\/revisions\/11290"}],"wp:attachment":[{"href":"https:\/\/magistrae.com\/es\/wp-json\/wp\/v2\/media?parent=11280"}],"wp:term":[{"taxonomy":"category","embeddable":true,"href":"https:\/\/magistrae.com\/es\/wp-json\/wp\/v2\/categories?post=11280"},{"taxonomy":"post_tag","embeddable":true,"href":"https:\/\/magistrae.com\/es\/wp-json\/wp\/v2\/tags?post=11280"}],"curies":[{"name":"wp","href":"https:\/\/api.w.org\/{rel}","templated":true}]}}