{"id":11259,"date":"2026-04-02T01:49:00","date_gmt":"2026-04-02T01:49:00","guid":{"rendered":"https:\/\/magistrae.com\/2dfd34a8-fbb3-4de9-aa94-a71409acfc63\/"},"modified":"2026-04-02T01:49:45","modified_gmt":"2026-04-02T01:49:45","slug":"2dfd34a8-fbb3-4de9-aa94-a71409acfc63","status":"publish","type":"post","link":"https:\/\/magistrae.com\/es\/2dfd34a8-fbb3-4de9-aa94-a71409acfc63\/","title":{"rendered":"Coordenador de Servi\u00e7os Gerais: Supervis\u00e3o, Lideran\u00e7a e Crescimento Profissional"},"content":{"rendered":"<\/p>\n<\/p>\n<div style=\"background: #ffffff; border-radius: 12px; box-shadow: 0 10px 30px rgba(0, 0, 0, 0.1); width: 100%; max-width: 340px; padding: 25px; transition: transform 0.3s ease-in-out; overflow: visible; display: flex; flex-direction: column; position: relative; border: 1px solid #28a745; margin-top: 70px; margin-bottom: 50px; margin-left: auto; margin-right: auto;\">\n<div style=\"position: absolute; top: -35px; right: 15px; color: #28a745; padding: 5px 10px; border-radius: 6px; font-size: 14px; font-weight: bold; display: flex; align-items: center; z-index: 10;\">Recomendado para si<\/div>\n<div data-namespace-header=\"\" style=\"\">\n<h3 data-namespace-title=\"\" style=\"color: #333; font-size: 20px; font-weight: bold; text-align: left; margin-right: 50px; min-height: 50px; margin-top: 0px;\">Coordenador de Servi\u00e7os Gerais<\/h3>\n<\/p><\/div>\n<p data-namespace-prompt=\"\" style=\"font-size: 16px; color: #666; margin-bottom: 20px; line-height: 1.5; flex-grow: 1; text-align: left; margin-top: 0px;\">Oportunidade s\u00f3lida para liderar equipa multidisciplinar, gerir opera\u00e7\u00f5es administrativas, e contribuir para o crescimento profissional. Boa progress\u00e3o e estabilidade pessoal.<\/p>\n<p>    <a data-namespace-url=\"\" href=\"https:\/\/magistrae.com\/es\/redirect\/?https:\/\/jobs.keptpeople.com\/jobs\/coordenador-de-servicos-gerais-m-f-luanda?utm_campaign=google_jobs_apply&#038;utm_source=google_jobs_apply&#038;utm_medium=organic\" style=\"width: 100%; display: inline-block; color: white; text-decoration: none; border-radius: 6px; font-size: 16px; font-weight: bold; text-align: center; transition: transform 0.3s ease, background 0.3s ease; margin-top: auto;\" data-namespace-id=\"5c0d2565-3ba9-4280-a382-ad2a691e2285\"><br \/>\n        <button style=\"width: 100%; height: 55px; background: #e9e9ed; border: 1px solid black; color: black;\">Candidate-se \u00e0 vaga<\/button><br \/>\n    <\/a><br \/>\n    <small style=\"margin-top: 10px; color: #777; font-size: 12px; text-align: center; display: block;\">Ser\u00e1 redirecionado para outro website<\/small>\n<\/div>\n<p>Esta fun\u00e7\u00e3o de Coordenador de Servi\u00e7os Gerais destaca-se pela sua posi\u00e7\u00e3o estrat\u00e9gica na estrutura da empresa, focando-se na lideran\u00e7a e supervis\u00e3o operacional de \u00e1reas cr\u00edticas como manuten\u00e7\u00e3o, seguran\u00e7a, compras e log\u00edstica. A vaga oferece jornada integral, v\u00ednculo presencial e ambiente colaborativo, ideal para profissionais com vis\u00e3o administrativa e forte orienta\u00e7\u00e3o para resultados.<\/p>\n<h2>Sum\u00e1rio das Responsabilidades Di\u00e1rias<\/h2>\n<p>O Coordenador de Servi\u00e7os Gerais assume a responsabilidade pela supervis\u00e3o das equipas de apoio administrativo e operacional, garantindo a efici\u00eancia em todas as frentes de trabalho. Dever\u00e1 gerir contratos de fornecedores, controlar or\u00e7amentos, propor melhorias de processos e garantir o bom funcionamento das infraestruturas empresariais.<\/p>\n<p>No dia-a-dia, espera-se o acompanhamento rigoroso da rotina de manuten\u00e7\u00e3o, limpeza, controlo de stocks, gest\u00e3o de frotas e do patrim\u00f3nio, al\u00e9m da coordena\u00e7\u00e3o directa das equipas envolvidas. Assegura-se a seguran\u00e7a patrimonial e dos colaboradores da empresa, assim como a adop\u00e7\u00e3o consistente de novas tecnologias para a efici\u00eancia administrativa.<\/p>\n<p>As reuni\u00f5es regulares com a dire\u00e7\u00e3o e an\u00e1lise de indicadores de desempenho s\u00e3o fundamentais para a melhoria e cumprimento dos procedimentos internos. A fun\u00e7\u00e3o exige adaptabilidade, comunica\u00e7\u00e3o transparente e capacidade de tomada de decis\u00e3o r\u00e1pida perante imprevistos ou desvios.<\/p>\n<p>\u00c9 importante tamb\u00e9m o desenvolvimento de pol\u00edticas internas modernas, garantindo alinhamento com as melhores pr\u00e1ticas do sector e promovendo ambiente de trabalho seguro. O perfil solicitado passa por forma\u00e7\u00e3o superior em \u00e1reas de gest\u00e3o, experi\u00eancia comprovada e dom\u00ednio de MS Office e ingl\u00eas.<\/p>\n<p>A dedica\u00e7\u00e3o \u00e0 gest\u00e3o or\u00e7amental e \u00e0 inova\u00e7\u00e3o nas rotinas administrativas \u00e9 obrigat\u00f3ria, proporcionando impactos positivos na estabilidade dos servi\u00e7os prestados e na satisfa\u00e7\u00e3o interna.<\/p>\n<h2>Aspectos Positivos da Fun\u00e7\u00e3o<\/h2>\n<p>Um dos grandes pontos positivos consiste nas s\u00f3lidas perspectivas de desenvolvimento profissional, pois a empresa oferece crescimento e aposta na forma\u00e7\u00e3o e promo\u00e7\u00e3o interna dos colaboradores.<\/p>\n<p>O ambiente de trabalho din\u00e2mico, focado na colabora\u00e7\u00e3o entre equipas multidisciplinares, permite constante aprendizagem e partilha de experi\u00eancias entre profissionais de diferentes \u00e1reas.<\/p>\n<h2>Algumas Desvantagens a Considerar<\/h2>\n<p>A elevada responsabilidade exigida na supervis\u00e3o de equipas e or\u00e7amentos pode fazer com que a press\u00e3o e o ritmo de trabalho se tornem intensos em fases de maior actividade.<\/p>\n<p>O contacto frequente com situa\u00e7\u00f5es inesperadas, como falhas de equipamentos ou urg\u00eancias em instala\u00e7\u00f5es, exige elevada flexibilidade e capacidade de resposta r\u00e1pida, o que pode n\u00e3o agradar a todos os perfis.<\/p>\n<h2>Veredicto Final<\/h2>\n<p>Para quem ambiciona uma posi\u00e7\u00e3o de lideran\u00e7a, focada em efici\u00eancia e com perspectivas de crescimento, esta vaga \u00e9 uma escolha bem alinhada com o desenvolvimento profissional. A estrutura organizada e o reconhecimento interno s\u00e3o diferenciais atractivos para o futuro colaborador desta fun\u00e7\u00e3o.<\/p>\n<div style=\"background: #ffffff; border-radius: 12px; box-shadow: 0 10px 30px rgba(0, 0, 0, 0.1); width: 100%; max-width: 340px; padding: 25px; transition: transform 0.3s ease-in-out; overflow: visible; display: flex; flex-direction: column; position: relative; border: 1px solid #28a745; margin-top: 70px; margin-bottom: 50px; margin-left: auto; margin-right: auto;\">\n<div style=\"position: absolute; top: -35px; right: 15px; color: #28a745; padding: 5px 10px; border-radius: 6px; font-size: 14px; font-weight: bold; display: flex; align-items: center; z-index: 10;\">Recomendado para si<\/div>\n<div data-namespace-header=\"\" style=\"\">\n<h3 data-namespace-title=\"\" style=\"color: #333; font-size: 20px; font-weight: bold; text-align: left; margin-right: 50px; min-height: 50px; margin-top: 0px;\">Coordenador de Servi\u00e7os Gerais<\/h3>\n<\/p><\/div>\n<p data-namespace-prompt=\"\" style=\"font-size: 16px; color: #666; margin-bottom: 20px; line-height: 1.5; flex-grow: 1; text-align: left; margin-top: 0px;\">Oportunidade s\u00f3lida para liderar equipa multidisciplinar, gerir opera\u00e7\u00f5es administrativas, e contribuir para o crescimento profissional. Boa progress\u00e3o e estabilidade pessoal.<\/p>\n<p>    <a data-namespace-url=\"\" href=\"https:\/\/magistrae.com\/es\/redirect\/?https:\/\/jobs.keptpeople.com\/jobs\/coordenador-de-servicos-gerais-m-f-luanda?utm_campaign=google_jobs_apply&#038;utm_source=google_jobs_apply&#038;utm_medium=organic\" style=\"width: 100%; display: inline-block; color: white; text-decoration: none; border-radius: 6px; font-size: 16px; font-weight: bold; text-align: center; transition: transform 0.3s ease, background 0.3s ease; margin-top: auto;\" data-namespace-id=\"5c0d2565-3ba9-4280-a382-ad2a691e2285\"><br \/>\n        <button style=\"width: 100%; height: 55px; background: #e9e9ed; border: 1px solid black; color: black;\">Candidate-se \u00e0 vaga<\/button><br \/>\n    <\/a><br \/>\n    <small style=\"margin-top: 10px; color: #777; font-size: 12px; text-align: center; display: block;\">Ser\u00e1 redirecionado para outro website<\/small>\n<\/div>","protected":false},"excerpt":{"rendered":"<p>Descubra a vaga de Coordenador de Servi\u00e7os Gerais ideal para quem procura liderar equipas, gerir opera\u00e7\u00f5es administrativas e crescer na carreira. Saiba mais e candidate-se hoje mesmo.<\/p>","protected":false},"author":3,"featured_media":0,"comment_status":"open","ping_status":"open","sticky":false,"template":"","format":"standard","meta":{"_uag_custom_page_level_css":"","site-sidebar-layout":"default","site-content-layout":"","ast-site-content-layout":"","site-content-style":"default","site-sidebar-style":"default","ast-global-header-display":"","ast-banner-title-visibility":"","ast-main-header-display":"","ast-hfb-above-header-display":"","ast-hfb-below-header-display":"","ast-hfb-mobile-header-display":"","site-post-title":"","ast-breadcrumbs-content":"","ast-featured-img":"","footer-sml-layout":"","theme-transparent-header-meta":"","adv-header-id-meta":"","stick-header-meta":"","header-above-stick-meta":"","header-main-stick-meta":"","header-below-stick-meta":"","astra-migrate-meta-layouts":"default","ast-page-background-enabled":"default","ast-page-background-meta":{"desktop":{"background-color":"var(--ast-global-color-4)","background-image":"","background-repeat":"repeat","background-position":"center center","background-size":"auto","background-attachment":"scroll","background-type":"","background-media":"","overlay-type":"","overlay-color":"","overlay-opacity":"","overlay-gradient":""},"tablet":{"background-color":"","background-image":"","background-repeat":"repeat","background-position":"center center","background-size":"auto","background-attachment":"scroll","background-type":"","background-media":"","overlay-type":"","overlay-color":"","overlay-opacity":"","overlay-gradient":""},"mobile":{"background-color":"","background-image":"","background-repeat":"repeat","background-position":"center center","background-size":"auto","background-attachment":"scroll","background-type":"","background-media":"","overlay-type":"","overlay-color":"","overlay-opacity":"","overlay-gradient":""}},"ast-content-background-meta":{"desktop":{"background-color":"var(--ast-global-color-5)","background-image":"","background-repeat":"repeat","background-position":"center center","background-size":"auto","background-attachment":"scroll","background-type":"","background-media":"","overlay-type":"","overlay-color":"","overlay-opacity":"","overlay-gradient":""},"tablet":{"background-color":"var(--ast-global-color-5)","background-image":"","background-repeat":"repeat","background-position":"center center","background-size":"auto","background-attachment":"scroll","background-type":"","background-media":"","overlay-type":"","overlay-color":"","overlay-opacity":"","overlay-gradient":""},"mobile":{"background-color":"var(--ast-global-color-5)","background-image":"","background-repeat":"repeat","background-position":"center center","background-size":"auto","background-attachment":"scroll","background-type":"","background-media":"","overlay-type":"","overlay-color":"","overlay-opacity":"","overlay-gradient":""}},"footnotes":""},"categories":[14],"tags":[],"yoast_head":"<!-- This site is optimized with the Yoast SEO plugin v23.3 - https:\/\/yoast.com\/wordpress\/plugins\/seo\/ -->\n<title>Coordenador de Servi\u00e7os Gerais: Supervis\u00e3o, Lideran\u00e7a e Crescimento Profissional - Magistrae<\/title>\n<meta name=\"robots\" content=\"index, follow, max-snippet:-1, max-image-preview:large, max-video-preview:-1\" \/>\n<link rel=\"canonical\" href=\"https:\/\/magistrae.com\/es\/2dfd34a8-fbb3-4de9-aa94-a71409acfc63\/\" \/>\n<meta property=\"og:locale\" content=\"es_ES\" \/>\n<meta property=\"og:type\" content=\"article\" \/>\n<meta property=\"og:title\" content=\"Coordenador de Servi\u00e7os Gerais: Supervis\u00e3o, Lideran\u00e7a e Crescimento Profissional - Magistrae\" \/>\n<meta property=\"og:description\" content=\"Descubra a vaga de Coordenador de Servi\u00e7os Gerais ideal para quem procura liderar equipas, gerir opera\u00e7\u00f5es administrativas e crescer na carreira. Saiba mais e candidate-se hoje mesmo.\" \/>\n<meta property=\"og:url\" content=\"https:\/\/magistrae.com\/es\/2dfd34a8-fbb3-4de9-aa94-a71409acfc63\/\" \/>\n<meta property=\"og:site_name\" content=\"Magistrae\" \/>\n<meta property=\"article:published_time\" content=\"2026-04-02T01:49:00+00:00\" \/>\n<meta property=\"article:modified_time\" content=\"2026-04-02T01:49:45+00:00\" \/>\n<meta name=\"author\" content=\"Bruno Gianni\" \/>\n<meta name=\"twitter:card\" content=\"summary_large_image\" \/>\n<meta name=\"twitter:label1\" content=\"Written by\" \/>\n\t<meta name=\"twitter:data1\" content=\"Bruno Gianni\" \/>\n\t<meta name=\"twitter:label2\" content=\"Est. reading time\" \/>\n\t<meta name=\"twitter:data2\" content=\"3 minutos\" \/>\n<script type=\"application\/ld+json\" class=\"yoast-schema-graph\">{\"@context\":\"https:\/\/schema.org\",\"@graph\":[{\"@type\":\"Article\",\"@id\":\"https:\/\/magistrae.com\/2dfd34a8-fbb3-4de9-aa94-a71409acfc63\/#article\",\"isPartOf\":{\"@id\":\"https:\/\/magistrae.com\/2dfd34a8-fbb3-4de9-aa94-a71409acfc63\/\"},\"author\":{\"name\":\"Bruno Gianni\",\"@id\":\"https:\/\/magistrae.com\/#\/schema\/person\/d52888235fd6563bd07d97185d6a61e4\"},\"headline\":\"Coordenador de Servi\u00e7os Gerais: Supervis\u00e3o, Lideran\u00e7a e Crescimento Profissional\",\"datePublished\":\"2026-04-02T01:49:00+00:00\",\"dateModified\":\"2026-04-02T01:49:45+00:00\",\"mainEntityOfPage\":{\"@id\":\"https:\/\/magistrae.com\/2dfd34a8-fbb3-4de9-aa94-a71409acfc63\/\"},\"wordCount\":570,\"commentCount\":0,\"publisher\":{\"@id\":\"https:\/\/magistrae.com\/#organization\"},\"articleSection\":[\"Hidden\"],\"inLanguage\":\"es\",\"potentialAction\":[{\"@type\":\"CommentAction\",\"name\":\"Comment\",\"target\":[\"https:\/\/magistrae.com\/2dfd34a8-fbb3-4de9-aa94-a71409acfc63\/#respond\"]}]},{\"@type\":\"WebPage\",\"@id\":\"https:\/\/magistrae.com\/2dfd34a8-fbb3-4de9-aa94-a71409acfc63\/\",\"url\":\"https:\/\/magistrae.com\/2dfd34a8-fbb3-4de9-aa94-a71409acfc63\/\",\"name\":\"Coordenador de Servi\u00e7os Gerais: Supervis\u00e3o, Lideran\u00e7a e Crescimento Profissional - Magistrae\",\"isPartOf\":{\"@id\":\"https:\/\/magistrae.com\/#website\"},\"datePublished\":\"2026-04-02T01:49:00+00:00\",\"dateModified\":\"2026-04-02T01:49:45+00:00\",\"breadcrumb\":{\"@id\":\"https:\/\/magistrae.com\/2dfd34a8-fbb3-4de9-aa94-a71409acfc63\/#breadcrumb\"},\"inLanguage\":\"es\",\"potentialAction\":[{\"@type\":\"ReadAction\",\"target\":[\"https:\/\/magistrae.com\/2dfd34a8-fbb3-4de9-aa94-a71409acfc63\/\"]}]},{\"@type\":\"BreadcrumbList\",\"@id\":\"https:\/\/magistrae.com\/2dfd34a8-fbb3-4de9-aa94-a71409acfc63\/#breadcrumb\",\"itemListElement\":[{\"@type\":\"ListItem\",\"position\":1,\"name\":\"Home\",\"item\":\"https:\/\/magistrae.com\/\"},{\"@type\":\"ListItem\",\"position\":2,\"name\":\"Coordenador de Servi\u00e7os Gerais: Supervis\u00e3o, Lideran\u00e7a e Crescimento Profissional\"}]},{\"@type\":\"WebSite\",\"@id\":\"https:\/\/magistrae.com\/#website\",\"url\":\"https:\/\/magistrae.com\/\",\"name\":\"Magistrae\",\"description\":\"\",\"publisher\":{\"@id\":\"https:\/\/magistrae.com\/#organization\"},\"potentialAction\":[{\"@type\":\"SearchAction\",\"target\":{\"@type\":\"EntryPoint\",\"urlTemplate\":\"https:\/\/magistrae.com\/?s={search_term_string}\"},\"query-input\":\"required name=search_term_string\"}],\"inLanguage\":\"es\"},{\"@type\":\"Organization\",\"@id\":\"https:\/\/magistrae.com\/#organization\",\"name\":\"Magistrae\",\"url\":\"https:\/\/magistrae.com\/\",\"logo\":{\"@type\":\"ImageObject\",\"inLanguage\":\"es\",\"@id\":\"https:\/\/magistrae.com\/#\/schema\/logo\/image\/\",\"url\":\"https:\/\/magistrae.com\/wp-content\/uploads\/sites\/413\/2026\/03\/9_Magistrae.jpg\",\"contentUrl\":\"https:\/\/magistrae.com\/wp-content\/uploads\/sites\/413\/2026\/03\/9_Magistrae.jpg\",\"width\":2000,\"height\":2000,\"caption\":\"Magistrae\"},\"image\":{\"@id\":\"https:\/\/magistrae.com\/#\/schema\/logo\/image\/\"}},{\"@type\":\"Person\",\"@id\":\"https:\/\/magistrae.com\/#\/schema\/person\/d52888235fd6563bd07d97185d6a61e4\",\"name\":\"Bruno Gianni\",\"image\":{\"@type\":\"ImageObject\",\"inLanguage\":\"es\",\"@id\":\"https:\/\/magistrae.com\/#\/schema\/person\/image\/\",\"url\":\"https:\/\/secure.gravatar.com\/avatar\/0f5d42d7bf77874643c1478932860e3f?s=96&d=mm&r=g\",\"contentUrl\":\"https:\/\/secure.gravatar.com\/avatar\/0f5d42d7bf77874643c1478932860e3f?s=96&d=mm&r=g\",\"caption\":\"Bruno Gianni\"},\"description\":\"Bruno writes the way he lives, with curiosity, care, and respect for people. He likes to observe, listen, and try to understand what is happening on the other side before putting any words on the page.For him, writing is not about impressing, but about getting closer. It is about turning thoughts into something simple, clear, and real. Every text is an ongoing conversation, created with care and honesty, with the sincere intention of touching someone, somewhere along the way.\",\"url\":\"https:\/\/magistrae.com\/es\/author\/bcgianni\/\"}]}<\/script>\n<!-- \/ Yoast SEO plugin. -->","yoast_head_json":{"title":"Coordenador de Servi\u00e7os Gerais: Supervis\u00e3o, Lideran\u00e7a e Crescimento Profissional - Magistrae","robots":{"index":"index","follow":"follow","max-snippet":"max-snippet:-1","max-image-preview":"max-image-preview:large","max-video-preview":"max-video-preview:-1"},"canonical":"https:\/\/magistrae.com\/es\/2dfd34a8-fbb3-4de9-aa94-a71409acfc63\/","og_locale":"es_ES","og_type":"article","og_title":"Coordenador de Servi\u00e7os Gerais: Supervis\u00e3o, Lideran\u00e7a e Crescimento Profissional - Magistrae","og_description":"Descubra a vaga de Coordenador de Servi\u00e7os Gerais ideal para quem procura liderar equipas, gerir opera\u00e7\u00f5es administrativas e crescer na carreira. Saiba mais e candidate-se hoje mesmo.","og_url":"https:\/\/magistrae.com\/es\/2dfd34a8-fbb3-4de9-aa94-a71409acfc63\/","og_site_name":"Magistrae","article_published_time":"2026-04-02T01:49:00+00:00","article_modified_time":"2026-04-02T01:49:45+00:00","author":"Bruno Gianni","twitter_card":"summary_large_image","twitter_misc":{"Written by":"Bruno Gianni","Est. reading time":"3 minutos"},"schema":{"@context":"https:\/\/schema.org","@graph":[{"@type":"Article","@id":"https:\/\/magistrae.com\/2dfd34a8-fbb3-4de9-aa94-a71409acfc63\/#article","isPartOf":{"@id":"https:\/\/magistrae.com\/2dfd34a8-fbb3-4de9-aa94-a71409acfc63\/"},"author":{"name":"Bruno Gianni","@id":"https:\/\/magistrae.com\/#\/schema\/person\/d52888235fd6563bd07d97185d6a61e4"},"headline":"Coordenador de Servi\u00e7os Gerais: Supervis\u00e3o, Lideran\u00e7a e Crescimento Profissional","datePublished":"2026-04-02T01:49:00+00:00","dateModified":"2026-04-02T01:49:45+00:00","mainEntityOfPage":{"@id":"https:\/\/magistrae.com\/2dfd34a8-fbb3-4de9-aa94-a71409acfc63\/"},"wordCount":570,"commentCount":0,"publisher":{"@id":"https:\/\/magistrae.com\/#organization"},"articleSection":["Hidden"],"inLanguage":"es","potentialAction":[{"@type":"CommentAction","name":"Comment","target":["https:\/\/magistrae.com\/2dfd34a8-fbb3-4de9-aa94-a71409acfc63\/#respond"]}]},{"@type":"WebPage","@id":"https:\/\/magistrae.com\/2dfd34a8-fbb3-4de9-aa94-a71409acfc63\/","url":"https:\/\/magistrae.com\/2dfd34a8-fbb3-4de9-aa94-a71409acfc63\/","name":"Coordenador de Servi\u00e7os Gerais: Supervis\u00e3o, Lideran\u00e7a e Crescimento Profissional - Magistrae","isPartOf":{"@id":"https:\/\/magistrae.com\/#website"},"datePublished":"2026-04-02T01:49:00+00:00","dateModified":"2026-04-02T01:49:45+00:00","breadcrumb":{"@id":"https:\/\/magistrae.com\/2dfd34a8-fbb3-4de9-aa94-a71409acfc63\/#breadcrumb"},"inLanguage":"es","potentialAction":[{"@type":"ReadAction","target":["https:\/\/magistrae.com\/2dfd34a8-fbb3-4de9-aa94-a71409acfc63\/"]}]},{"@type":"BreadcrumbList","@id":"https:\/\/magistrae.com\/2dfd34a8-fbb3-4de9-aa94-a71409acfc63\/#breadcrumb","itemListElement":[{"@type":"ListItem","position":1,"name":"Home","item":"https:\/\/magistrae.com\/"},{"@type":"ListItem","position":2,"name":"Coordenador de Servi\u00e7os Gerais: Supervis\u00e3o, Lideran\u00e7a e Crescimento Profissional"}]},{"@type":"WebSite","@id":"https:\/\/magistrae.com\/#website","url":"https:\/\/magistrae.com\/","name":"Magistrae","description":"","publisher":{"@id":"https:\/\/magistrae.com\/#organization"},"potentialAction":[{"@type":"SearchAction","target":{"@type":"EntryPoint","urlTemplate":"https:\/\/magistrae.com\/?s={search_term_string}"},"query-input":"required name=search_term_string"}],"inLanguage":"es"},{"@type":"Organization","@id":"https:\/\/magistrae.com\/#organization","name":"Magistrae","url":"https:\/\/magistrae.com\/","logo":{"@type":"ImageObject","inLanguage":"es","@id":"https:\/\/magistrae.com\/#\/schema\/logo\/image\/","url":"https:\/\/magistrae.com\/wp-content\/uploads\/sites\/413\/2026\/03\/9_Magistrae.jpg","contentUrl":"https:\/\/magistrae.com\/wp-content\/uploads\/sites\/413\/2026\/03\/9_Magistrae.jpg","width":2000,"height":2000,"caption":"Magistrae"},"image":{"@id":"https:\/\/magistrae.com\/#\/schema\/logo\/image\/"}},{"@type":"Person","@id":"https:\/\/magistrae.com\/#\/schema\/person\/d52888235fd6563bd07d97185d6a61e4","name":"Bruno Gianni","image":{"@type":"ImageObject","inLanguage":"es","@id":"https:\/\/magistrae.com\/#\/schema\/person\/image\/","url":"https:\/\/secure.gravatar.com\/avatar\/0f5d42d7bf77874643c1478932860e3f?s=96&d=mm&r=g","contentUrl":"https:\/\/secure.gravatar.com\/avatar\/0f5d42d7bf77874643c1478932860e3f?s=96&d=mm&r=g","caption":"Bruno Gianni"},"description":"Bruno writes the way he lives, with curiosity, care, and respect for people. He likes to observe, listen, and try to understand what is happening on the other side before putting any words on the page.For him, writing is not about impressing, but about getting closer. It is about turning thoughts into something simple, clear, and real. Every text is an ongoing conversation, created with care and honesty, with the sincere intention of touching someone, somewhere along the way.","url":"https:\/\/magistrae.com\/es\/author\/bcgianni\/"}]}},"uagb_featured_image_src":{"full":false,"thumbnail":false,"medium":false,"medium_large":false,"large":false,"1536x1536":false,"2048x2048":false,"trp-custom-language-flag":false},"uagb_author_info":{"display_name":"Bruno Gianni","author_link":"https:\/\/magistrae.com\/es\/author\/bcgianni\/"},"uagb_comment_info":0,"uagb_excerpt":"Descubra a vaga de Coordenador de Servi\u00e7os Gerais ideal para quem procura liderar equipas, gerir opera\u00e7\u00f5es administrativas e crescer na carreira. Saiba mais e candidate-se hoje mesmo.","_links":{"self":[{"href":"https:\/\/magistrae.com\/es\/wp-json\/wp\/v2\/posts\/11259"}],"collection":[{"href":"https:\/\/magistrae.com\/es\/wp-json\/wp\/v2\/posts"}],"about":[{"href":"https:\/\/magistrae.com\/es\/wp-json\/wp\/v2\/types\/post"}],"author":[{"embeddable":true,"href":"https:\/\/magistrae.com\/es\/wp-json\/wp\/v2\/users\/3"}],"replies":[{"embeddable":true,"href":"https:\/\/magistrae.com\/es\/wp-json\/wp\/v2\/comments?post=11259"}],"version-history":[{"count":1,"href":"https:\/\/magistrae.com\/es\/wp-json\/wp\/v2\/posts\/11259\/revisions"}],"predecessor-version":[{"id":11268,"href":"https:\/\/magistrae.com\/es\/wp-json\/wp\/v2\/posts\/11259\/revisions\/11268"}],"wp:attachment":[{"href":"https:\/\/magistrae.com\/es\/wp-json\/wp\/v2\/media?parent=11259"}],"wp:term":[{"taxonomy":"category","embeddable":true,"href":"https:\/\/magistrae.com\/es\/wp-json\/wp\/v2\/categories?post=11259"},{"taxonomy":"post_tag","embeddable":true,"href":"https:\/\/magistrae.com\/es\/wp-json\/wp\/v2\/tags?post=11259"}],"curies":[{"name":"wp","href":"https:\/\/api.w.org\/{rel}","templated":true}]}}