{"id":11258,"date":"2026-04-02T01:49:00","date_gmt":"2026-04-02T01:49:00","guid":{"rendered":"https:\/\/magistrae.com\/180e0f5e-b9d9-409b-af1b-c039dee432eb\/"},"modified":"2026-04-02T01:49:43","modified_gmt":"2026-04-02T01:49:43","slug":"180e0f5e-b9d9-409b-af1b-c039dee432eb","status":"publish","type":"post","link":"https:\/\/magistrae.com\/es\/180e0f5e-b9d9-409b-af1b-c039dee432eb\/","title":{"rendered":"Gestor de Servi\u00e7os Gerais: Oportunidade de Lideran\u00e7a e Crescimento Profissional"},"content":{"rendered":"<\/p>\n<\/p>\n<div style=\"background: #ffffff; border-radius: 12px; box-shadow: 0 10px 30px rgba(0, 0, 0, 0.1); width: 100%; max-width: 340px; padding: 25px; transition: transform 0.3s ease-in-out; overflow: visible; display: flex; flex-direction: column; position: relative; border: 1px solid #28a745; margin-top: 70px; margin-bottom: 50px; margin-left: auto; margin-right: auto;\">\n<div style=\"position: absolute; top: -35px; right: 15px; color: #28a745; padding: 5px 10px; border-radius: 6px; font-size: 14px; font-weight: bold; display: flex; align-items: center; z-index: 10;\">Recomendado para si<\/div>\n<div data-namespace-header=\"\" style=\"\">\n<h3 data-namespace-title=\"\" style=\"color: #333; font-size: 20px; font-weight: bold; text-align: left; margin-right: 50px; min-height: 50px; margin-top: 0px;\">Gestor de Servi\u00e7os Gerais<\/h3>\n<\/p><\/div>\n<p data-namespace-prompt=\"\" style=\"font-size: 16px; color: #666; margin-bottom: 20px; line-height: 1.5; flex-grow: 1; text-align: left; margin-top: 0px;\">Liderar equipas, negociar com fornecedores, manter instala\u00e7\u00f5es e viaturas. \u00c9 necess\u00e1ria experi\u00eancia em gest\u00e3o, proatividade e dom\u00ednio do portugu\u00eas e ingl\u00eas.<\/p>\n<p>    <a data-namespace-url=\"\" href=\"https:\/\/magistrae.com\/es\/redirect\/?https:\/\/jobs.keptpeople.com\/jobs\/gestor-de-servicos-gerais-m-f-luanda?utm_campaign=google_jobs_apply&#038;utm_source=google_jobs_apply&#038;utm_medium=organic\" style=\"width: 100%; display: inline-block; color: white; text-decoration: none; border-radius: 6px; font-size: 16px; font-weight: bold; text-align: center; transition: transform 0.3s ease, background 0.3s ease; margin-top: auto;\" data-namespace-id=\"5c0d2565-3ba9-4280-a382-ad2a691e2285\"><br \/>\n        <button style=\"width: 100%; height: 55px; background: #e9e9ed; border: 1px solid black; color: black;\">Candidatar-se \u00e0 vaga<\/button><br \/>\n    <\/a><br \/>\n    <small style=\"margin-top: 10px; color: #777; font-size: 12px; text-align: center; display: block;\">Ser\u00e1 redirigido a otro sitio<\/small>\n<\/div>\n<p>Esta vaga de Gestor de Servi\u00e7os Gerais destina-se a profissionais experientes, com perfil din\u00e2mico e orientado para resultados, interessados em evoluir num grupo empresarial s\u00f3lido. O trabalho \u00e9 de modalidade presencial, a tempo integral, e envolve ampla supervis\u00e3o operacional e lideran\u00e7a direta de equipas. O sal\u00e1rio n\u00e3o foi especificado, mas a proposta aposta em crescimento profissional e valoriza\u00e7\u00e3o da autonomia.<\/p>\n<h2>Responsabilidades do Dia-a-Dia<\/h2>\n<p>O candidato selecionado ser\u00e1 respons\u00e1vel por negociar pre\u00e7os, servi\u00e7os e contratos com fornecedores, sempre respeitando o or\u00e7amento atribu\u00eddo pela empresa. <\/p>\n<p>Entre as fun\u00e7\u00f5es principais, ter\u00e1 de coordenar transportes, viagens, gest\u00e3o da manuten\u00e7\u00e3o de instala\u00e7\u00f5es, equipamentos e viaturas, al\u00e9m de supervisionar servi\u00e7os essenciais do dia-a-dia corporativo. <\/p>\n<p>O cargo exige incentivo \u00e0 redu\u00e7\u00e3o de custos e propostas de otimiza\u00e7\u00e3o, zelando pelo cumprimento das normas de seguran\u00e7a e controlando o desempenho da equipa. <\/p>\n<p>A elabora\u00e7\u00e3o de relat\u00f3rios \u00e9 rotina, assim como a an\u00e1lise de indicadores de desempenho para garantir o alcance de objetivos e a melhoria cont\u00ednua. <\/p>\n<p>Uma das \u00e1reas cr\u00edticas \u00e9 a gest\u00e3o disciplinar do pessoal, com foco em manter a equipa motivada e produtiva. <\/p>\n<h2>Ventajas del cargo<\/h2>\n<p>Uma das maiores vantagens \u00e9 o potencial de crescimento profissional num ambiente est\u00e1vel e com perspetiva de ascens\u00e3o. <\/p>\n<p>O contacto com m\u00faltiplas \u00e1reas e a diversidade de desafios proporcionam desenvolvimento de novas compet\u00eancias t\u00e9cnicas e interpessoais. <\/p>\n<p>O cargo oferece autonomia significativa para propor e executar novas iniciativas, valorizando a criatividade e responsabilidade dos colaboradores. <\/p>\n<p>A exposi\u00e7\u00e3o constante a negocia\u00e7\u00f5es contribui para uma evolu\u00e7\u00e3o robusta em soft skills de comunica\u00e7\u00e3o e lideran\u00e7a. <\/p>\n<h2>Desvantagens do Cargo<\/h2>\n<p>O cargo exige elevada resist\u00eancia ao stress, j\u00e1 que o gestor precisa lidar com m\u00faltiplas solicita\u00e7\u00f5es simult\u00e2neas e imprevistos. <\/p>\n<p>O volume de supervis\u00e3o pode implicar menos tempo para tarefas criativas, uma vez que as opera\u00e7\u00f5es do dia-a-dia exigem aten\u00e7\u00e3o constante. <\/p>\n<p>A integra\u00e7\u00e3o de diferentes equipas e servi\u00e7os pode gerar dificuldades de alinhamento e comunica\u00e7\u00e3o entre sectores. <\/p>\n<p>Muitas decis\u00f5es s\u00e3o tomadas sob press\u00e3o e dependem de fatores externos, exigindo grande adaptabilidade. <\/p>\n<p>Existe ainda a exig\u00eancia de elevado n\u00edvel de responsabilidade desde o primeiro dia, o que pode n\u00e3o ser ideal para quem busca ritmo menos acelerado. <\/p>\n<h2>Veredicto Final<\/h2>\n<p>Esta vaga \u00e9 destinada a quem procura desafios di\u00e1rios e crescimento cont\u00ednuo, com espa\u00e7o real para inova\u00e7\u00e3o e impacto direto no desempenho operacional. <\/p>\n<p>Se valoriza autonomia, desenvolvimento de equipas e tem paix\u00e3o por melhorar processos, esta fun\u00e7\u00e3o ir\u00e1 proporcionar experi\u00eancias enriquecedoras e oportunidade de evolu\u00e7\u00e3o na lideran\u00e7a. <\/p>\n<div style=\"background: #ffffff; border-radius: 12px; box-shadow: 0 10px 30px rgba(0, 0, 0, 0.1); width: 100%; max-width: 340px; padding: 25px; transition: transform 0.3s ease-in-out; overflow: visible; display: flex; flex-direction: column; position: relative; border: 1px solid #28a745; margin-top: 70px; margin-bottom: 50px; margin-left: auto; margin-right: auto;\">\n<div style=\"position: absolute; top: -35px; right: 15px; color: #28a745; padding: 5px 10px; border-radius: 6px; font-size: 14px; font-weight: bold; display: flex; align-items: center; z-index: 10;\">Recomendado para si<\/div>\n<div data-namespace-header=\"\" style=\"\">\n<h3 data-namespace-title=\"\" style=\"color: #333; font-size: 20px; font-weight: bold; text-align: left; margin-right: 50px; min-height: 50px; margin-top: 0px;\">Gestor de Servi\u00e7os Gerais<\/h3>\n<\/p><\/div>\n<p data-namespace-prompt=\"\" style=\"font-size: 16px; color: #666; margin-bottom: 20px; line-height: 1.5; flex-grow: 1; text-align: left; margin-top: 0px;\">Liderar equipas, negociar com fornecedores, manter instala\u00e7\u00f5es e viaturas. \u00c9 necess\u00e1ria experi\u00eancia em gest\u00e3o, proatividade e dom\u00ednio do portugu\u00eas e ingl\u00eas.<\/p>\n<p>    <a data-namespace-url=\"\" href=\"https:\/\/magistrae.com\/es\/redirect\/?https:\/\/jobs.keptpeople.com\/jobs\/gestor-de-servicos-gerais-m-f-luanda?utm_campaign=google_jobs_apply&#038;utm_source=google_jobs_apply&#038;utm_medium=organic\" style=\"width: 100%; display: inline-block; color: white; text-decoration: none; border-radius: 6px; font-size: 16px; font-weight: bold; text-align: center; transition: transform 0.3s ease, background 0.3s ease; margin-top: auto;\" data-namespace-id=\"5c0d2565-3ba9-4280-a382-ad2a691e2285\"><br \/>\n        <button style=\"width: 100%; height: 55px; background: #e9e9ed; border: 1px solid black; color: black;\">Candidatar-se \u00e0 vaga<\/button><br \/>\n    <\/a><br \/>\n    <small style=\"margin-top: 10px; color: #777; font-size: 12px; text-align: center; display: block;\">Ser\u00e1 redirigido a otro sitio<\/small>\n<\/div>","protected":false},"excerpt":{"rendered":"<p>Confira a vaga para Gestor de Servi\u00e7os Gerais: lideran\u00e7a, autonomia e desenvolvimento profissional. Candidate-se e fortale\u00e7a a sua carreira numa empresa s\u00f3lida.<\/p>","protected":false},"author":3,"featured_media":0,"comment_status":"open","ping_status":"open","sticky":false,"template":"","format":"standard","meta":{"_uag_custom_page_level_css":"","site-sidebar-layout":"default","site-content-layout":"","ast-site-content-layout":"","site-content-style":"default","site-sidebar-style":"default","ast-global-header-display":"","ast-banner-title-visibility":"","ast-main-header-display":"","ast-hfb-above-header-display":"","ast-hfb-below-header-display":"","ast-hfb-mobile-header-display":"","site-post-title":"","ast-breadcrumbs-content":"","ast-featured-img":"","footer-sml-layout":"","theme-transparent-header-meta":"","adv-header-id-meta":"","stick-header-meta":"","header-above-stick-meta":"","header-main-stick-meta":"","header-below-stick-meta":"","astra-migrate-meta-layouts":"default","ast-page-background-enabled":"default","ast-page-background-meta":{"desktop":{"background-color":"var(--ast-global-color-4)","background-image":"","background-repeat":"repeat","background-position":"center center","background-size":"auto","background-attachment":"scroll","background-type":"","background-media":"","overlay-type":"","overlay-color":"","overlay-opacity":"","overlay-gradient":""},"tablet":{"background-color":"","background-image":"","background-repeat":"repeat","background-position":"center center","background-size":"auto","background-attachment":"scroll","background-type":"","background-media":"","overlay-type":"","overlay-color":"","overlay-opacity":"","overlay-gradient":""},"mobile":{"background-color":"","background-image":"","background-repeat":"repeat","background-position":"center center","background-size":"auto","background-attachment":"scroll","background-type":"","background-media":"","overlay-type":"","overlay-color":"","overlay-opacity":"","overlay-gradient":""}},"ast-content-background-meta":{"desktop":{"background-color":"var(--ast-global-color-5)","background-image":"","background-repeat":"repeat","background-position":"center center","background-size":"auto","background-attachment":"scroll","background-type":"","background-media":"","overlay-type":"","overlay-color":"","overlay-opacity":"","overlay-gradient":""},"tablet":{"background-color":"var(--ast-global-color-5)","background-image":"","background-repeat":"repeat","background-position":"center center","background-size":"auto","background-attachment":"scroll","background-type":"","background-media":"","overlay-type":"","overlay-color":"","overlay-opacity":"","overlay-gradient":""},"mobile":{"background-color":"var(--ast-global-color-5)","background-image":"","background-repeat":"repeat","background-position":"center center","background-size":"auto","background-attachment":"scroll","background-type":"","background-media":"","overlay-type":"","overlay-color":"","overlay-opacity":"","overlay-gradient":""}},"footnotes":""},"categories":[14],"tags":[],"yoast_head":"<!-- This site is optimized with the Yoast SEO plugin v23.3 - https:\/\/yoast.com\/wordpress\/plugins\/seo\/ -->\n<title>Gestor de Servi\u00e7os Gerais: Oportunidade de Lideran\u00e7a e Crescimento Profissional - Magistrae<\/title>\n<meta name=\"robots\" content=\"index, follow, max-snippet:-1, max-image-preview:large, max-video-preview:-1\" \/>\n<link rel=\"canonical\" href=\"https:\/\/magistrae.com\/es\/180e0f5e-b9d9-409b-af1b-c039dee432eb\/\" \/>\n<meta property=\"og:locale\" content=\"es_ES\" \/>\n<meta property=\"og:type\" content=\"article\" \/>\n<meta property=\"og:title\" content=\"Gestor de Servi\u00e7os Gerais: Oportunidade de Lideran\u00e7a e Crescimento Profissional - Magistrae\" \/>\n<meta property=\"og:description\" content=\"Confira a vaga para Gestor de Servi\u00e7os Gerais: lideran\u00e7a, autonomia e desenvolvimento profissional. Candidate-se e fortale\u00e7a a sua carreira numa empresa s\u00f3lida.\" \/>\n<meta property=\"og:url\" content=\"https:\/\/magistrae.com\/es\/180e0f5e-b9d9-409b-af1b-c039dee432eb\/\" \/>\n<meta property=\"og:site_name\" content=\"Magistrae\" \/>\n<meta property=\"article:published_time\" content=\"2026-04-02T01:49:00+00:00\" \/>\n<meta property=\"article:modified_time\" content=\"2026-04-02T01:49:43+00:00\" \/>\n<meta name=\"author\" content=\"Bruno Gianni\" \/>\n<meta name=\"twitter:card\" content=\"summary_large_image\" \/>\n<meta name=\"twitter:label1\" content=\"Written by\" \/>\n\t<meta name=\"twitter:data1\" content=\"Bruno Gianni\" \/>\n\t<meta name=\"twitter:label2\" content=\"Est. reading time\" \/>\n\t<meta name=\"twitter:data2\" content=\"3 minutos\" \/>\n<script type=\"application\/ld+json\" class=\"yoast-schema-graph\">{\"@context\":\"https:\/\/schema.org\",\"@graph\":[{\"@type\":\"Article\",\"@id\":\"https:\/\/magistrae.com\/180e0f5e-b9d9-409b-af1b-c039dee432eb\/#article\",\"isPartOf\":{\"@id\":\"https:\/\/magistrae.com\/180e0f5e-b9d9-409b-af1b-c039dee432eb\/\"},\"author\":{\"name\":\"Bruno Gianni\",\"@id\":\"https:\/\/magistrae.com\/#\/schema\/person\/d52888235fd6563bd07d97185d6a61e4\"},\"headline\":\"Gestor de Servi\u00e7os Gerais: Oportunidade de Lideran\u00e7a e Crescimento Profissional\",\"datePublished\":\"2026-04-02T01:49:00+00:00\",\"dateModified\":\"2026-04-02T01:49:43+00:00\",\"mainEntityOfPage\":{\"@id\":\"https:\/\/magistrae.com\/180e0f5e-b9d9-409b-af1b-c039dee432eb\/\"},\"wordCount\":550,\"commentCount\":0,\"publisher\":{\"@id\":\"https:\/\/magistrae.com\/#organization\"},\"articleSection\":[\"Hidden\"],\"inLanguage\":\"es\",\"potentialAction\":[{\"@type\":\"CommentAction\",\"name\":\"Comment\",\"target\":[\"https:\/\/magistrae.com\/180e0f5e-b9d9-409b-af1b-c039dee432eb\/#respond\"]}]},{\"@type\":\"WebPage\",\"@id\":\"https:\/\/magistrae.com\/180e0f5e-b9d9-409b-af1b-c039dee432eb\/\",\"url\":\"https:\/\/magistrae.com\/180e0f5e-b9d9-409b-af1b-c039dee432eb\/\",\"name\":\"Gestor de Servi\u00e7os Gerais: Oportunidade de Lideran\u00e7a e Crescimento Profissional - Magistrae\",\"isPartOf\":{\"@id\":\"https:\/\/magistrae.com\/#website\"},\"datePublished\":\"2026-04-02T01:49:00+00:00\",\"dateModified\":\"2026-04-02T01:49:43+00:00\",\"breadcrumb\":{\"@id\":\"https:\/\/magistrae.com\/180e0f5e-b9d9-409b-af1b-c039dee432eb\/#breadcrumb\"},\"inLanguage\":\"es\",\"potentialAction\":[{\"@type\":\"ReadAction\",\"target\":[\"https:\/\/magistrae.com\/180e0f5e-b9d9-409b-af1b-c039dee432eb\/\"]}]},{\"@type\":\"BreadcrumbList\",\"@id\":\"https:\/\/magistrae.com\/180e0f5e-b9d9-409b-af1b-c039dee432eb\/#breadcrumb\",\"itemListElement\":[{\"@type\":\"ListItem\",\"position\":1,\"name\":\"Home\",\"item\":\"https:\/\/magistrae.com\/\"},{\"@type\":\"ListItem\",\"position\":2,\"name\":\"Gestor de Servi\u00e7os Gerais: Oportunidade de Lideran\u00e7a e Crescimento Profissional\"}]},{\"@type\":\"WebSite\",\"@id\":\"https:\/\/magistrae.com\/#website\",\"url\":\"https:\/\/magistrae.com\/\",\"name\":\"Magistrae\",\"description\":\"\",\"publisher\":{\"@id\":\"https:\/\/magistrae.com\/#organization\"},\"potentialAction\":[{\"@type\":\"SearchAction\",\"target\":{\"@type\":\"EntryPoint\",\"urlTemplate\":\"https:\/\/magistrae.com\/?s={search_term_string}\"},\"query-input\":\"required name=search_term_string\"}],\"inLanguage\":\"es\"},{\"@type\":\"Organization\",\"@id\":\"https:\/\/magistrae.com\/#organization\",\"name\":\"Magistrae\",\"url\":\"https:\/\/magistrae.com\/\",\"logo\":{\"@type\":\"ImageObject\",\"inLanguage\":\"es\",\"@id\":\"https:\/\/magistrae.com\/#\/schema\/logo\/image\/\",\"url\":\"https:\/\/magistrae.com\/wp-content\/uploads\/sites\/413\/2026\/03\/9_Magistrae.jpg\",\"contentUrl\":\"https:\/\/magistrae.com\/wp-content\/uploads\/sites\/413\/2026\/03\/9_Magistrae.jpg\",\"width\":2000,\"height\":2000,\"caption\":\"Magistrae\"},\"image\":{\"@id\":\"https:\/\/magistrae.com\/#\/schema\/logo\/image\/\"}},{\"@type\":\"Person\",\"@id\":\"https:\/\/magistrae.com\/#\/schema\/person\/d52888235fd6563bd07d97185d6a61e4\",\"name\":\"Bruno Gianni\",\"image\":{\"@type\":\"ImageObject\",\"inLanguage\":\"es\",\"@id\":\"https:\/\/magistrae.com\/#\/schema\/person\/image\/\",\"url\":\"https:\/\/secure.gravatar.com\/avatar\/0f5d42d7bf77874643c1478932860e3f?s=96&d=mm&r=g\",\"contentUrl\":\"https:\/\/secure.gravatar.com\/avatar\/0f5d42d7bf77874643c1478932860e3f?s=96&d=mm&r=g\",\"caption\":\"Bruno Gianni\"},\"description\":\"Bruno writes the way he lives, with curiosity, care, and respect for people. He likes to observe, listen, and try to understand what is happening on the other side before putting any words on the page.For him, writing is not about impressing, but about getting closer. It is about turning thoughts into something simple, clear, and real. Every text is an ongoing conversation, created with care and honesty, with the sincere intention of touching someone, somewhere along the way.\",\"url\":\"https:\/\/magistrae.com\/es\/author\/bcgianni\/\"}]}<\/script>\n<!-- \/ Yoast SEO plugin. -->","yoast_head_json":{"title":"Gestor de Servi\u00e7os Gerais: Oportunidade de Lideran\u00e7a e Crescimento Profissional - Magistrae","robots":{"index":"index","follow":"follow","max-snippet":"max-snippet:-1","max-image-preview":"max-image-preview:large","max-video-preview":"max-video-preview:-1"},"canonical":"https:\/\/magistrae.com\/es\/180e0f5e-b9d9-409b-af1b-c039dee432eb\/","og_locale":"es_ES","og_type":"article","og_title":"Gestor de Servi\u00e7os Gerais: Oportunidade de Lideran\u00e7a e Crescimento Profissional - Magistrae","og_description":"Confira a vaga para Gestor de Servi\u00e7os Gerais: lideran\u00e7a, autonomia e desenvolvimento profissional. Candidate-se e fortale\u00e7a a sua carreira numa empresa s\u00f3lida.","og_url":"https:\/\/magistrae.com\/es\/180e0f5e-b9d9-409b-af1b-c039dee432eb\/","og_site_name":"Magistrae","article_published_time":"2026-04-02T01:49:00+00:00","article_modified_time":"2026-04-02T01:49:43+00:00","author":"Bruno Gianni","twitter_card":"summary_large_image","twitter_misc":{"Written by":"Bruno Gianni","Est. reading time":"3 minutos"},"schema":{"@context":"https:\/\/schema.org","@graph":[{"@type":"Article","@id":"https:\/\/magistrae.com\/180e0f5e-b9d9-409b-af1b-c039dee432eb\/#article","isPartOf":{"@id":"https:\/\/magistrae.com\/180e0f5e-b9d9-409b-af1b-c039dee432eb\/"},"author":{"name":"Bruno Gianni","@id":"https:\/\/magistrae.com\/#\/schema\/person\/d52888235fd6563bd07d97185d6a61e4"},"headline":"Gestor de Servi\u00e7os Gerais: Oportunidade de Lideran\u00e7a e Crescimento Profissional","datePublished":"2026-04-02T01:49:00+00:00","dateModified":"2026-04-02T01:49:43+00:00","mainEntityOfPage":{"@id":"https:\/\/magistrae.com\/180e0f5e-b9d9-409b-af1b-c039dee432eb\/"},"wordCount":550,"commentCount":0,"publisher":{"@id":"https:\/\/magistrae.com\/#organization"},"articleSection":["Hidden"],"inLanguage":"es","potentialAction":[{"@type":"CommentAction","name":"Comment","target":["https:\/\/magistrae.com\/180e0f5e-b9d9-409b-af1b-c039dee432eb\/#respond"]}]},{"@type":"WebPage","@id":"https:\/\/magistrae.com\/180e0f5e-b9d9-409b-af1b-c039dee432eb\/","url":"https:\/\/magistrae.com\/180e0f5e-b9d9-409b-af1b-c039dee432eb\/","name":"Gestor de Servi\u00e7os Gerais: Oportunidade de Lideran\u00e7a e Crescimento Profissional - Magistrae","isPartOf":{"@id":"https:\/\/magistrae.com\/#website"},"datePublished":"2026-04-02T01:49:00+00:00","dateModified":"2026-04-02T01:49:43+00:00","breadcrumb":{"@id":"https:\/\/magistrae.com\/180e0f5e-b9d9-409b-af1b-c039dee432eb\/#breadcrumb"},"inLanguage":"es","potentialAction":[{"@type":"ReadAction","target":["https:\/\/magistrae.com\/180e0f5e-b9d9-409b-af1b-c039dee432eb\/"]}]},{"@type":"BreadcrumbList","@id":"https:\/\/magistrae.com\/180e0f5e-b9d9-409b-af1b-c039dee432eb\/#breadcrumb","itemListElement":[{"@type":"ListItem","position":1,"name":"Home","item":"https:\/\/magistrae.com\/"},{"@type":"ListItem","position":2,"name":"Gestor de Servi\u00e7os Gerais: Oportunidade de Lideran\u00e7a e Crescimento Profissional"}]},{"@type":"WebSite","@id":"https:\/\/magistrae.com\/#website","url":"https:\/\/magistrae.com\/","name":"Magistrae","description":"","publisher":{"@id":"https:\/\/magistrae.com\/#organization"},"potentialAction":[{"@type":"SearchAction","target":{"@type":"EntryPoint","urlTemplate":"https:\/\/magistrae.com\/?s={search_term_string}"},"query-input":"required name=search_term_string"}],"inLanguage":"es"},{"@type":"Organization","@id":"https:\/\/magistrae.com\/#organization","name":"Magistrae","url":"https:\/\/magistrae.com\/","logo":{"@type":"ImageObject","inLanguage":"es","@id":"https:\/\/magistrae.com\/#\/schema\/logo\/image\/","url":"https:\/\/magistrae.com\/wp-content\/uploads\/sites\/413\/2026\/03\/9_Magistrae.jpg","contentUrl":"https:\/\/magistrae.com\/wp-content\/uploads\/sites\/413\/2026\/03\/9_Magistrae.jpg","width":2000,"height":2000,"caption":"Magistrae"},"image":{"@id":"https:\/\/magistrae.com\/#\/schema\/logo\/image\/"}},{"@type":"Person","@id":"https:\/\/magistrae.com\/#\/schema\/person\/d52888235fd6563bd07d97185d6a61e4","name":"Bruno Gianni","image":{"@type":"ImageObject","inLanguage":"es","@id":"https:\/\/magistrae.com\/#\/schema\/person\/image\/","url":"https:\/\/secure.gravatar.com\/avatar\/0f5d42d7bf77874643c1478932860e3f?s=96&d=mm&r=g","contentUrl":"https:\/\/secure.gravatar.com\/avatar\/0f5d42d7bf77874643c1478932860e3f?s=96&d=mm&r=g","caption":"Bruno Gianni"},"description":"Bruno writes the way he lives, with curiosity, care, and respect for people. He likes to observe, listen, and try to understand what is happening on the other side before putting any words on the page.For him, writing is not about impressing, but about getting closer. It is about turning thoughts into something simple, clear, and real. Every text is an ongoing conversation, created with care and honesty, with the sincere intention of touching someone, somewhere along the way.","url":"https:\/\/magistrae.com\/es\/author\/bcgianni\/"}]}},"uagb_featured_image_src":{"full":false,"thumbnail":false,"medium":false,"medium_large":false,"large":false,"1536x1536":false,"2048x2048":false,"trp-custom-language-flag":false},"uagb_author_info":{"display_name":"Bruno Gianni","author_link":"https:\/\/magistrae.com\/es\/author\/bcgianni\/"},"uagb_comment_info":0,"uagb_excerpt":"Confira a vaga para Gestor de Servi\u00e7os Gerais: lideran\u00e7a, autonomia e desenvolvimento profissional. Candidate-se e fortale\u00e7a a sua carreira numa empresa s\u00f3lida.","_links":{"self":[{"href":"https:\/\/magistrae.com\/es\/wp-json\/wp\/v2\/posts\/11258"}],"collection":[{"href":"https:\/\/magistrae.com\/es\/wp-json\/wp\/v2\/posts"}],"about":[{"href":"https:\/\/magistrae.com\/es\/wp-json\/wp\/v2\/types\/post"}],"author":[{"embeddable":true,"href":"https:\/\/magistrae.com\/es\/wp-json\/wp\/v2\/users\/3"}],"replies":[{"embeddable":true,"href":"https:\/\/magistrae.com\/es\/wp-json\/wp\/v2\/comments?post=11258"}],"version-history":[{"count":1,"href":"https:\/\/magistrae.com\/es\/wp-json\/wp\/v2\/posts\/11258\/revisions"}],"predecessor-version":[{"id":11266,"href":"https:\/\/magistrae.com\/es\/wp-json\/wp\/v2\/posts\/11258\/revisions\/11266"}],"wp:attachment":[{"href":"https:\/\/magistrae.com\/es\/wp-json\/wp\/v2\/media?parent=11258"}],"wp:term":[{"taxonomy":"category","embeddable":true,"href":"https:\/\/magistrae.com\/es\/wp-json\/wp\/v2\/categories?post=11258"},{"taxonomy":"post_tag","embeddable":true,"href":"https:\/\/magistrae.com\/es\/wp-json\/wp\/v2\/tags?post=11258"}],"curies":[{"name":"wp","href":"https:\/\/api.w.org\/{rel}","templated":true}]}}