{"id":11257,"date":"2026-04-02T01:49:00","date_gmt":"2026-04-02T01:49:00","guid":{"rendered":"https:\/\/magistrae.com\/72b95a7f-ea67-4031-9a65-5870a801d32e\/"},"modified":"2026-04-02T01:49:43","modified_gmt":"2026-04-02T01:49:43","slug":"72b95a7f-ea67-4031-9a65-5870a801d32e","status":"publish","type":"post","link":"https:\/\/magistrae.com\/es\/72b95a7f-ea67-4031-9a65-5870a801d32e\/","title":{"rendered":"Administrativo(a) de Gest\u00e3o RH e Servi\u00e7os Gerais: Carreira e Perspetivas"},"content":{"rendered":"<\/p>\n<\/p>\n<div style=\"background: #ffffff; border-radius: 12px; box-shadow: 0 10px 30px rgba(0, 0, 0, 0.1); width: 100%; max-width: 340px; padding: 25px; transition: transform 0.3s ease-in-out; overflow: visible; display: flex; flex-direction: column; position: relative; border: 1px solid #28a745; margin-top: 70px; margin-bottom: 50px; margin-left: auto; margin-right: auto;\">\n<div style=\"position: absolute; top: -35px; right: 15px; color: #28a745; padding: 5px 10px; border-radius: 6px; font-size: 14px; font-weight: bold; display: flex; align-items: center; z-index: 10;\">Recomendado para si<\/div>\n<div data-namespace-header=\"\" style=\"\">\n<h3 data-namespace-title=\"\" style=\"color: #333; font-size: 20px; font-weight: bold; text-align: left; margin-right: 50px; min-height: 50px; margin-top: 0px;\">Administrativo(a) RH e Servi\u00e7os Gerais<\/h3>\n<\/p><\/div>\n<p data-namespace-prompt=\"\" style=\"font-size: 16px; color: #666; margin-bottom: 20px; line-height: 1.5; flex-grow: 1; text-align: left; margin-top: 0px;\">Gest\u00e3o de processos de RH, processamento salarial, servi\u00e7os gerais e apoio administrativo transversal. Exige experi\u00eancia comprovada. \u00d3ptima oportunidade para crescer.<\/p>\n<p>    <a data-namespace-url=\"\" href=\"https:\/\/magistrae.com\/es\/redirect\/?https:\/\/ao.empregosyoyota.net\/empregos\/vaga-para-administrativoa-de-gestao-de-recursos-humanos-e-servicos-gerais?utm_campaign=google_jobs_apply&#038;utm_source=google_jobs_apply&#038;utm_medium=organic\" style=\"width: 100%; display: inline-block; color: white; text-decoration: none; border-radius: 6px; font-size: 16px; font-weight: bold; text-align: center; transition: transform 0.3s ease, background 0.3s ease; margin-top: auto;\" data-namespace-id=\"5c0d2565-3ba9-4280-a382-ad2a691e2285\"><br \/>\n        <button style=\"width: 100%; height: 55px; background: #e9e9ed; border: 1px solid black; color: black;\">Candidate-se \u00e0 vaga<\/button><br \/>\n    <\/a><br \/>\n    <small style=\"margin-top: 10px; color: #777; font-size: 12px; text-align: center; display: block;\">Ser\u00e1 redirecionado para outro website<\/small>\n<\/div>\n<p>Esta vaga para Administrativo(a) de Gest\u00e3o de Recursos Humanos e Servi\u00e7os Gerais destaca-se pela sua abrang\u00eancia, proporcionando um papel desafiante e de grande responsabilidade. Embora o an\u00fancio n\u00e3o informe sal\u00e1rio, revela-se uma oportunidade para profissionais experientes, com emprego em tempo integral e um ambiente din\u00e2mico.<\/p>\n<p>Quem for selecionado ter\u00e1 de dominar desde o recrutamento e onboarding at\u00e9 ao controlo de assiduidade, gest\u00e3o de contratos e processos, al\u00e9m de intervir em servi\u00e7os gerais como log\u00edstica e administra\u00e7\u00e3o de fornecedores.<\/p>\n<p>Ter\u00e1 contato direto com folhas de pagamento, processos disciplinares, implementa\u00e7\u00e3o de pol\u00edticas e apoio transversal \u00e0s diversas \u00e1reas da empresa, exigindo dom\u00ednio de ferramentas como Microsoft Office e idealmente de programas como Cegid ou Primavera.<\/p>\n<h2>Principais Tarefas e Rotinas<\/h2>\n<p>No dia-a-dia, espera-se algu\u00e9m capaz de articular-se com diversas equipas, focando no processamento salarial, gest\u00e3o documental, necessidades formativas e cumprimento da legisla\u00e7\u00e3o.<\/p>\n<p>O administrativo(a) ser\u00e1 respons\u00e1vel pela gest\u00e3o de contratos, f\u00e9rias, licen\u00e7as, faltas, rescis\u00f5es e arquivo, al\u00e9m de cuidar dos fornecedores de servi\u00e7os essenciais \u00e0 opera\u00e7\u00e3o.<\/p>\n<p>Al\u00e9m disso, a fun\u00e7\u00e3o requer aten\u00e7\u00e3o aos controlos internos, alinhamento com a \u00e1rea financeira e apoio log\u00edstico em escrit\u00f3rios e unidades operacionais.<\/p>\n<p>\u00c9 fundamental o sentido de planeamento, organiza\u00e7\u00e3o, proatividade e \u00e9tica, devido ao contacto com informa\u00e7\u00f5es confidenciais e \u00e0 necessidade de reporte.<\/p>\n<p>Os dias s\u00e3o variados, refletindo a vertente operacional e estrat\u00e9gica da fun\u00e7\u00e3o, tornando este posto vers\u00e1til para quem procura evolu\u00e7\u00e3o profissional.<\/p>\n<h2>Pontos Fortes da Vaga<\/h2>\n<p>Um dos maiores atrativos est\u00e1 no alto grau de autonomia e responsabilidade, permitindo o desenvolvimento de m\u00faltiplas compet\u00eancias num s\u00f3 cargo.<\/p>\n<p>Outro fator relevante \u00e9 o reconhecimento de experi\u00eancia pr\u00e9via, contabilizando profissionais que investiram em sua forma\u00e7\u00e3o em gest\u00e3o ou administra\u00e7\u00e3o.<\/p>\n<p>A possibilidade de crescer junto \u00e0 organiza\u00e7\u00e3o e de aperfei\u00e7oar conhecimentos pr\u00e1ticos em legisla\u00e7\u00e3o laboral e solu\u00e7\u00f5es digitais \u00e9 igualmente uma grande vantagem.<\/p>\n<p>Quem valoriza desafios e variedade no trabalho di\u00e1rio sentir\u00e1 motiva\u00e7\u00e3o neste cargo, ocupando papel de destaque na rotina interna da empresa.<\/p>\n<p>Por fim, trata-se de uma fun\u00e7\u00e3o estrat\u00e9gica para quem sonha em solidificar carreira no sector administrativo e de recursos humanos.<\/p>\n<h2>Pontos a Considerar Antes de Concorrer<\/h2>\n<p>As expectativas s\u00e3o altas e, por vezes, a acumula\u00e7\u00e3o de fun\u00e7\u00f5es pode exigir jornadas prolongadas e gest\u00e3o de press\u00e3o.<\/p>\n<p>Trabalhar com diferentes \u00e1reas e colaboradores pode trazer desafios de comunica\u00e7\u00e3o e alinhamento de objetivos.<\/p>\n<p>Al\u00e9m disso, \u00e9 solicitado forte dom\u00ednio t\u00e9cnico e experi\u00eancia, restringindo oportunidades para quem procura o primeiro emprego em administra\u00e7\u00e3o.<\/p>\n<p>A responsabilidade por dados sens\u00edveis acarreta necessidade de discri\u00e7\u00e3o m\u00e1xima, impactando a liberdade na partilha de informa\u00e7\u00f5es.<\/p>\n<p>Os candidatos menos flex\u00edveis podem sentir dificuldades face \u00e0 necessidade frequente de adapta\u00e7\u00e3o e resposta r\u00e1pida a imprevistos.<\/p>\n<h2>Veredito<\/h2>\n<p>Esta vaga \u00e9 ideal para quem procura elevar a carreira, gosta de desafios e est\u00e1 pronto a alinhar-se com padr\u00f5es de exig\u00eancia elevados.<\/p>\n<p>Os profissionais com perfil multifacetado, atentos a detalhes e focados em resultados encontrar\u00e3o aqui um passo decisivo em sua ascens\u00e3o profissional.<\/p>\n<p>Oportunidade recomendada para quem deseja consolidar experi\u00eancia nos dom\u00ednios administrativo e de recursos humanos, num papel estrat\u00e9gico e valorizado.<\/p>\n<p>Candidatar-se \u00e9 uma escolha indicada para quem se identifica com ambientes exigentes, din\u00e2micos e cheios de oportunidades de crescimento.<\/p>\n<p>Prepare o seu CV e destaque-se num verdadeiro desafio \u00e0 altura dos melhores perfis.<\/p>\n<div style=\"background: #ffffff; border-radius: 12px; box-shadow: 0 10px 30px rgba(0, 0, 0, 0.1); width: 100%; max-width: 340px; padding: 25px; transition: transform 0.3s ease-in-out; overflow: visible; display: flex; flex-direction: column; position: relative; border: 1px solid #28a745; margin-top: 70px; margin-bottom: 50px; margin-left: auto; margin-right: auto;\">\n<div style=\"position: absolute; top: -35px; right: 15px; color: #28a745; padding: 5px 10px; border-radius: 6px; font-size: 14px; font-weight: bold; display: flex; align-items: center; z-index: 10;\">Recomendado para si<\/div>\n<div data-namespace-header=\"\" style=\"\">\n<h3 data-namespace-title=\"\" style=\"color: #333; font-size: 20px; font-weight: bold; text-align: left; margin-right: 50px; min-height: 50px; margin-top: 0px;\">Administrativo(a) RH e Servi\u00e7os Gerais<\/h3>\n<\/p><\/div>\n<p data-namespace-prompt=\"\" style=\"font-size: 16px; color: #666; margin-bottom: 20px; line-height: 1.5; flex-grow: 1; text-align: left; margin-top: 0px;\">Gest\u00e3o de processos de RH, processamento salarial, servi\u00e7os gerais e apoio administrativo transversal. Exige experi\u00eancia comprovada. \u00d3ptima oportunidade para crescer.<\/p>\n<p>    <a data-namespace-url=\"\" href=\"https:\/\/magistrae.com\/es\/redirect\/?https:\/\/ao.empregosyoyota.net\/empregos\/vaga-para-administrativoa-de-gestao-de-recursos-humanos-e-servicos-gerais?utm_campaign=google_jobs_apply&#038;utm_source=google_jobs_apply&#038;utm_medium=organic\" style=\"width: 100%; display: inline-block; color: white; text-decoration: none; border-radius: 6px; font-size: 16px; font-weight: bold; text-align: center; transition: transform 0.3s ease, background 0.3s ease; margin-top: auto;\" data-namespace-id=\"5c0d2565-3ba9-4280-a382-ad2a691e2285\"><br \/>\n        <button style=\"width: 100%; height: 55px; background: #e9e9ed; border: 1px solid black; color: black;\">Candidate-se \u00e0 vaga<\/button><br \/>\n    <\/a><br \/>\n    <small style=\"margin-top: 10px; color: #777; font-size: 12px; text-align: center; display: block;\">Ser\u00e1 redirecionado para outro website<\/small>\n<\/div>","protected":false},"excerpt":{"rendered":"<p>Explore a vaga para Administrativo(a) de RH e Servi\u00e7os Gerais: papel estrat\u00e9gico, desafios di\u00e1rios e oportunidade de crescimento em fun\u00e7\u00f5es administrativas e operacionais. Veja os pr\u00f3s e contras antes de enviar o seu CV.<\/p>","protected":false},"author":3,"featured_media":0,"comment_status":"open","ping_status":"open","sticky":false,"template":"","format":"standard","meta":{"_uag_custom_page_level_css":"","site-sidebar-layout":"default","site-content-layout":"","ast-site-content-layout":"","site-content-style":"default","site-sidebar-style":"default","ast-global-header-display":"","ast-banner-title-visibility":"","ast-main-header-display":"","ast-hfb-above-header-display":"","ast-hfb-below-header-display":"","ast-hfb-mobile-header-display":"","site-post-title":"","ast-breadcrumbs-content":"","ast-featured-img":"","footer-sml-layout":"","theme-transparent-header-meta":"","adv-header-id-meta":"","stick-header-meta":"","header-above-stick-meta":"","header-main-stick-meta":"","header-below-stick-meta":"","astra-migrate-meta-layouts":"default","ast-page-background-enabled":"default","ast-page-background-meta":{"desktop":{"background-color":"var(--ast-global-color-4)","background-image":"","background-repeat":"repeat","background-position":"center center","background-size":"auto","background-attachment":"scroll","background-type":"","background-media":"","overlay-type":"","overlay-color":"","overlay-opacity":"","overlay-gradient":""},"tablet":{"background-color":"","background-image":"","background-repeat":"repeat","background-position":"center center","background-size":"auto","background-attachment":"scroll","background-type":"","background-media":"","overlay-type":"","overlay-color":"","overlay-opacity":"","overlay-gradient":""},"mobile":{"background-color":"","background-image":"","background-repeat":"repeat","background-position":"center center","background-size":"auto","background-attachment":"scroll","background-type":"","background-media":"","overlay-type":"","overlay-color":"","overlay-opacity":"","overlay-gradient":""}},"ast-content-background-meta":{"desktop":{"background-color":"var(--ast-global-color-5)","background-image":"","background-repeat":"repeat","background-position":"center center","background-size":"auto","background-attachment":"scroll","background-type":"","background-media":"","overlay-type":"","overlay-color":"","overlay-opacity":"","overlay-gradient":""},"tablet":{"background-color":"var(--ast-global-color-5)","background-image":"","background-repeat":"repeat","background-position":"center center","background-size":"auto","background-attachment":"scroll","background-type":"","background-media":"","overlay-type":"","overlay-color":"","overlay-opacity":"","overlay-gradient":""},"mobile":{"background-color":"var(--ast-global-color-5)","background-image":"","background-repeat":"repeat","background-position":"center center","background-size":"auto","background-attachment":"scroll","background-type":"","background-media":"","overlay-type":"","overlay-color":"","overlay-opacity":"","overlay-gradient":""}},"footnotes":""},"categories":[14],"tags":[],"yoast_head":"<!-- This site is optimized with the Yoast SEO plugin v23.3 - https:\/\/yoast.com\/wordpress\/plugins\/seo\/ -->\n<title>Administrativo(a) de Gest\u00e3o RH e Servi\u00e7os Gerais: Carreira e Perspetivas - Magistrae<\/title>\n<meta name=\"robots\" content=\"index, follow, max-snippet:-1, max-image-preview:large, max-video-preview:-1\" \/>\n<link rel=\"canonical\" href=\"https:\/\/magistrae.com\/es\/72b95a7f-ea67-4031-9a65-5870a801d32e\/\" \/>\n<meta property=\"og:locale\" content=\"es_ES\" \/>\n<meta property=\"og:type\" content=\"article\" \/>\n<meta property=\"og:title\" content=\"Administrativo(a) de Gest\u00e3o RH e Servi\u00e7os Gerais: Carreira e Perspetivas - Magistrae\" \/>\n<meta property=\"og:description\" content=\"Explore a vaga para Administrativo(a) de RH e Servi\u00e7os Gerais: papel estrat\u00e9gico, desafios di\u00e1rios e oportunidade de crescimento em fun\u00e7\u00f5es administrativas e operacionais. Veja os pr\u00f3s e contras antes de enviar o seu CV.\" \/>\n<meta property=\"og:url\" content=\"https:\/\/magistrae.com\/es\/72b95a7f-ea67-4031-9a65-5870a801d32e\/\" \/>\n<meta property=\"og:site_name\" content=\"Magistrae\" \/>\n<meta property=\"article:published_time\" content=\"2026-04-02T01:49:00+00:00\" \/>\n<meta property=\"article:modified_time\" content=\"2026-04-02T01:49:43+00:00\" \/>\n<meta name=\"author\" content=\"Bruno Gianni\" \/>\n<meta name=\"twitter:card\" content=\"summary_large_image\" \/>\n<meta name=\"twitter:label1\" content=\"Written by\" \/>\n\t<meta name=\"twitter:data1\" content=\"Bruno Gianni\" \/>\n\t<meta name=\"twitter:label2\" content=\"Est. reading time\" \/>\n\t<meta name=\"twitter:data2\" content=\"3 minutos\" \/>\n<script type=\"application\/ld+json\" class=\"yoast-schema-graph\">{\"@context\":\"https:\/\/schema.org\",\"@graph\":[{\"@type\":\"Article\",\"@id\":\"https:\/\/magistrae.com\/72b95a7f-ea67-4031-9a65-5870a801d32e\/#article\",\"isPartOf\":{\"@id\":\"https:\/\/magistrae.com\/72b95a7f-ea67-4031-9a65-5870a801d32e\/\"},\"author\":{\"name\":\"Bruno Gianni\",\"@id\":\"https:\/\/magistrae.com\/#\/schema\/person\/d52888235fd6563bd07d97185d6a61e4\"},\"headline\":\"Administrativo(a) de Gest\u00e3o RH e Servi\u00e7os Gerais: Carreira e Perspetivas\",\"datePublished\":\"2026-04-02T01:49:00+00:00\",\"dateModified\":\"2026-04-02T01:49:43+00:00\",\"mainEntityOfPage\":{\"@id\":\"https:\/\/magistrae.com\/72b95a7f-ea67-4031-9a65-5870a801d32e\/\"},\"wordCount\":691,\"commentCount\":0,\"publisher\":{\"@id\":\"https:\/\/magistrae.com\/#organization\"},\"articleSection\":[\"Hidden\"],\"inLanguage\":\"es\",\"potentialAction\":[{\"@type\":\"CommentAction\",\"name\":\"Comment\",\"target\":[\"https:\/\/magistrae.com\/72b95a7f-ea67-4031-9a65-5870a801d32e\/#respond\"]}]},{\"@type\":\"WebPage\",\"@id\":\"https:\/\/magistrae.com\/72b95a7f-ea67-4031-9a65-5870a801d32e\/\",\"url\":\"https:\/\/magistrae.com\/72b95a7f-ea67-4031-9a65-5870a801d32e\/\",\"name\":\"Administrativo(a) de Gest\u00e3o RH e Servi\u00e7os Gerais: Carreira e Perspetivas - Magistrae\",\"isPartOf\":{\"@id\":\"https:\/\/magistrae.com\/#website\"},\"datePublished\":\"2026-04-02T01:49:00+00:00\",\"dateModified\":\"2026-04-02T01:49:43+00:00\",\"breadcrumb\":{\"@id\":\"https:\/\/magistrae.com\/72b95a7f-ea67-4031-9a65-5870a801d32e\/#breadcrumb\"},\"inLanguage\":\"es\",\"potentialAction\":[{\"@type\":\"ReadAction\",\"target\":[\"https:\/\/magistrae.com\/72b95a7f-ea67-4031-9a65-5870a801d32e\/\"]}]},{\"@type\":\"BreadcrumbList\",\"@id\":\"https:\/\/magistrae.com\/72b95a7f-ea67-4031-9a65-5870a801d32e\/#breadcrumb\",\"itemListElement\":[{\"@type\":\"ListItem\",\"position\":1,\"name\":\"Home\",\"item\":\"https:\/\/magistrae.com\/\"},{\"@type\":\"ListItem\",\"position\":2,\"name\":\"Administrativo(a) de Gest\u00e3o RH e Servi\u00e7os Gerais: Carreira e Perspetivas\"}]},{\"@type\":\"WebSite\",\"@id\":\"https:\/\/magistrae.com\/#website\",\"url\":\"https:\/\/magistrae.com\/\",\"name\":\"Magistrae\",\"description\":\"\",\"publisher\":{\"@id\":\"https:\/\/magistrae.com\/#organization\"},\"potentialAction\":[{\"@type\":\"SearchAction\",\"target\":{\"@type\":\"EntryPoint\",\"urlTemplate\":\"https:\/\/magistrae.com\/?s={search_term_string}\"},\"query-input\":\"required name=search_term_string\"}],\"inLanguage\":\"es\"},{\"@type\":\"Organization\",\"@id\":\"https:\/\/magistrae.com\/#organization\",\"name\":\"Magistrae\",\"url\":\"https:\/\/magistrae.com\/\",\"logo\":{\"@type\":\"ImageObject\",\"inLanguage\":\"es\",\"@id\":\"https:\/\/magistrae.com\/#\/schema\/logo\/image\/\",\"url\":\"https:\/\/magistrae.com\/wp-content\/uploads\/sites\/413\/2026\/03\/9_Magistrae.jpg\",\"contentUrl\":\"https:\/\/magistrae.com\/wp-content\/uploads\/sites\/413\/2026\/03\/9_Magistrae.jpg\",\"width\":2000,\"height\":2000,\"caption\":\"Magistrae\"},\"image\":{\"@id\":\"https:\/\/magistrae.com\/#\/schema\/logo\/image\/\"}},{\"@type\":\"Person\",\"@id\":\"https:\/\/magistrae.com\/#\/schema\/person\/d52888235fd6563bd07d97185d6a61e4\",\"name\":\"Bruno Gianni\",\"image\":{\"@type\":\"ImageObject\",\"inLanguage\":\"es\",\"@id\":\"https:\/\/magistrae.com\/#\/schema\/person\/image\/\",\"url\":\"https:\/\/secure.gravatar.com\/avatar\/0f5d42d7bf77874643c1478932860e3f?s=96&d=mm&r=g\",\"contentUrl\":\"https:\/\/secure.gravatar.com\/avatar\/0f5d42d7bf77874643c1478932860e3f?s=96&d=mm&r=g\",\"caption\":\"Bruno Gianni\"},\"description\":\"Bruno writes the way he lives, with curiosity, care, and respect for people. He likes to observe, listen, and try to understand what is happening on the other side before putting any words on the page.For him, writing is not about impressing, but about getting closer. It is about turning thoughts into something simple, clear, and real. Every text is an ongoing conversation, created with care and honesty, with the sincere intention of touching someone, somewhere along the way.\",\"url\":\"https:\/\/magistrae.com\/es\/author\/bcgianni\/\"}]}<\/script>\n<!-- \/ Yoast SEO plugin. -->","yoast_head_json":{"title":"Administrativo(a) de Gest\u00e3o RH e Servi\u00e7os Gerais: Carreira e Perspetivas - Magistrae","robots":{"index":"index","follow":"follow","max-snippet":"max-snippet:-1","max-image-preview":"max-image-preview:large","max-video-preview":"max-video-preview:-1"},"canonical":"https:\/\/magistrae.com\/es\/72b95a7f-ea67-4031-9a65-5870a801d32e\/","og_locale":"es_ES","og_type":"article","og_title":"Administrativo(a) de Gest\u00e3o RH e Servi\u00e7os Gerais: Carreira e Perspetivas - Magistrae","og_description":"Explore a vaga para Administrativo(a) de RH e Servi\u00e7os Gerais: papel estrat\u00e9gico, desafios di\u00e1rios e oportunidade de crescimento em fun\u00e7\u00f5es administrativas e operacionais. Veja os pr\u00f3s e contras antes de enviar o seu CV.","og_url":"https:\/\/magistrae.com\/es\/72b95a7f-ea67-4031-9a65-5870a801d32e\/","og_site_name":"Magistrae","article_published_time":"2026-04-02T01:49:00+00:00","article_modified_time":"2026-04-02T01:49:43+00:00","author":"Bruno Gianni","twitter_card":"summary_large_image","twitter_misc":{"Written by":"Bruno Gianni","Est. reading time":"3 minutos"},"schema":{"@context":"https:\/\/schema.org","@graph":[{"@type":"Article","@id":"https:\/\/magistrae.com\/72b95a7f-ea67-4031-9a65-5870a801d32e\/#article","isPartOf":{"@id":"https:\/\/magistrae.com\/72b95a7f-ea67-4031-9a65-5870a801d32e\/"},"author":{"name":"Bruno Gianni","@id":"https:\/\/magistrae.com\/#\/schema\/person\/d52888235fd6563bd07d97185d6a61e4"},"headline":"Administrativo(a) de Gest\u00e3o RH e Servi\u00e7os Gerais: Carreira e Perspetivas","datePublished":"2026-04-02T01:49:00+00:00","dateModified":"2026-04-02T01:49:43+00:00","mainEntityOfPage":{"@id":"https:\/\/magistrae.com\/72b95a7f-ea67-4031-9a65-5870a801d32e\/"},"wordCount":691,"commentCount":0,"publisher":{"@id":"https:\/\/magistrae.com\/#organization"},"articleSection":["Hidden"],"inLanguage":"es","potentialAction":[{"@type":"CommentAction","name":"Comment","target":["https:\/\/magistrae.com\/72b95a7f-ea67-4031-9a65-5870a801d32e\/#respond"]}]},{"@type":"WebPage","@id":"https:\/\/magistrae.com\/72b95a7f-ea67-4031-9a65-5870a801d32e\/","url":"https:\/\/magistrae.com\/72b95a7f-ea67-4031-9a65-5870a801d32e\/","name":"Administrativo(a) de Gest\u00e3o RH e Servi\u00e7os Gerais: Carreira e Perspetivas - Magistrae","isPartOf":{"@id":"https:\/\/magistrae.com\/#website"},"datePublished":"2026-04-02T01:49:00+00:00","dateModified":"2026-04-02T01:49:43+00:00","breadcrumb":{"@id":"https:\/\/magistrae.com\/72b95a7f-ea67-4031-9a65-5870a801d32e\/#breadcrumb"},"inLanguage":"es","potentialAction":[{"@type":"ReadAction","target":["https:\/\/magistrae.com\/72b95a7f-ea67-4031-9a65-5870a801d32e\/"]}]},{"@type":"BreadcrumbList","@id":"https:\/\/magistrae.com\/72b95a7f-ea67-4031-9a65-5870a801d32e\/#breadcrumb","itemListElement":[{"@type":"ListItem","position":1,"name":"Home","item":"https:\/\/magistrae.com\/"},{"@type":"ListItem","position":2,"name":"Administrativo(a) de Gest\u00e3o RH e Servi\u00e7os Gerais: Carreira e Perspetivas"}]},{"@type":"WebSite","@id":"https:\/\/magistrae.com\/#website","url":"https:\/\/magistrae.com\/","name":"Magistrae","description":"","publisher":{"@id":"https:\/\/magistrae.com\/#organization"},"potentialAction":[{"@type":"SearchAction","target":{"@type":"EntryPoint","urlTemplate":"https:\/\/magistrae.com\/?s={search_term_string}"},"query-input":"required name=search_term_string"}],"inLanguage":"es"},{"@type":"Organization","@id":"https:\/\/magistrae.com\/#organization","name":"Magistrae","url":"https:\/\/magistrae.com\/","logo":{"@type":"ImageObject","inLanguage":"es","@id":"https:\/\/magistrae.com\/#\/schema\/logo\/image\/","url":"https:\/\/magistrae.com\/wp-content\/uploads\/sites\/413\/2026\/03\/9_Magistrae.jpg","contentUrl":"https:\/\/magistrae.com\/wp-content\/uploads\/sites\/413\/2026\/03\/9_Magistrae.jpg","width":2000,"height":2000,"caption":"Magistrae"},"image":{"@id":"https:\/\/magistrae.com\/#\/schema\/logo\/image\/"}},{"@type":"Person","@id":"https:\/\/magistrae.com\/#\/schema\/person\/d52888235fd6563bd07d97185d6a61e4","name":"Bruno Gianni","image":{"@type":"ImageObject","inLanguage":"es","@id":"https:\/\/magistrae.com\/#\/schema\/person\/image\/","url":"https:\/\/secure.gravatar.com\/avatar\/0f5d42d7bf77874643c1478932860e3f?s=96&d=mm&r=g","contentUrl":"https:\/\/secure.gravatar.com\/avatar\/0f5d42d7bf77874643c1478932860e3f?s=96&d=mm&r=g","caption":"Bruno Gianni"},"description":"Bruno writes the way he lives, with curiosity, care, and respect for people. He likes to observe, listen, and try to understand what is happening on the other side before putting any words on the page.For him, writing is not about impressing, but about getting closer. It is about turning thoughts into something simple, clear, and real. Every text is an ongoing conversation, created with care and honesty, with the sincere intention of touching someone, somewhere along the way.","url":"https:\/\/magistrae.com\/es\/author\/bcgianni\/"}]}},"uagb_featured_image_src":{"full":false,"thumbnail":false,"medium":false,"medium_large":false,"large":false,"1536x1536":false,"2048x2048":false,"trp-custom-language-flag":false},"uagb_author_info":{"display_name":"Bruno Gianni","author_link":"https:\/\/magistrae.com\/es\/author\/bcgianni\/"},"uagb_comment_info":0,"uagb_excerpt":"Explore a vaga para Administrativo(a) de RH e Servi\u00e7os Gerais: papel estrat\u00e9gico, desafios di\u00e1rios e oportunidade de crescimento em fun\u00e7\u00f5es administrativas e operacionais. Veja os pr\u00f3s e contras antes de enviar o seu CV.","_links":{"self":[{"href":"https:\/\/magistrae.com\/es\/wp-json\/wp\/v2\/posts\/11257"}],"collection":[{"href":"https:\/\/magistrae.com\/es\/wp-json\/wp\/v2\/posts"}],"about":[{"href":"https:\/\/magistrae.com\/es\/wp-json\/wp\/v2\/types\/post"}],"author":[{"embeddable":true,"href":"https:\/\/magistrae.com\/es\/wp-json\/wp\/v2\/users\/3"}],"replies":[{"embeddable":true,"href":"https:\/\/magistrae.com\/es\/wp-json\/wp\/v2\/comments?post=11257"}],"version-history":[{"count":1,"href":"https:\/\/magistrae.com\/es\/wp-json\/wp\/v2\/posts\/11257\/revisions"}],"predecessor-version":[{"id":11265,"href":"https:\/\/magistrae.com\/es\/wp-json\/wp\/v2\/posts\/11257\/revisions\/11265"}],"wp:attachment":[{"href":"https:\/\/magistrae.com\/es\/wp-json\/wp\/v2\/media?parent=11257"}],"wp:term":[{"taxonomy":"category","embeddable":true,"href":"https:\/\/magistrae.com\/es\/wp-json\/wp\/v2\/categories?post=11257"},{"taxonomy":"post_tag","embeddable":true,"href":"https:\/\/magistrae.com\/es\/wp-json\/wp\/v2\/tags?post=11257"}],"curies":[{"name":"wp","href":"https:\/\/api.w.org\/{rel}","templated":true}]}}