{"id":10357,"date":"2026-03-24T23:14:00","date_gmt":"2026-03-24T23:14:00","guid":{"rendered":"https:\/\/magistrae.com\/057e7fd6-9867-4698-9d51-9ef6e95dcdac\/"},"modified":"2026-03-24T23:14:38","modified_gmt":"2026-03-24T23:14:38","slug":"057e7fd6-9867-4698-9d51-9ef6e95dcdac","status":"publish","type":"post","link":"https:\/\/magistrae.com\/es\/057e7fd6-9867-4698-9d51-9ef6e95dcdac\/","title":{"rendered":"Encargado\/a de Sala: Liderazgo en ventas y crecimiento profesional"},"content":{"rendered":"<\/p>\n<\/p>\n<div style=\"background: #ffffff; border-radius: 12px; box-shadow: 0 10px 30px rgba(0, 0, 0, 0.1); width: 100%; max-width: 340px; padding: 25px; transition: transform 0.3s ease-in-out; overflow: visible; display: flex; flex-direction: column; position: relative; border: 1px solid #28a745; margin-top: 70px; margin-bottom: 50px; margin-left: auto; margin-right: auto;\">\n<div style=\"position: absolute; top: -35px; right: 15px; color: #28a745; padding: 5px 10px; border-radius: 6px; font-size: 14px; font-weight: bold; display: flex; align-items: center; z-index: 10;\">Recomendado para ti<\/div>\n<div data-namespace-header=\"\" style=\"\">\n<h3 data-namespace-title=\"\" style=\"color: #333; font-size: 20px; font-weight: bold; text-align: left; margin-right: 50px; min-height: 50px; margin-top: 0px;\">Encargado\/a de Sala<\/h3>\n<\/p><\/div>\n<p data-namespace-prompt=\"\" style=\"font-size: 16px; color: #666; margin-bottom: 20px; line-height: 1.5; flex-grow: 1; text-align: left; margin-top: 0px;\">Responsabilidad, liderazgo y control de equipos para lograr una sala eficiente. Experiencia previa y gran capacidad de gesti\u00f3n. Oportunidad de desarrollo profesional y buen ambiente laboral.<\/p>\n<p>    <a data-namespace-url=\"\" href=\"https:\/\/magistrae.com\/es\/redirect\/?https:\/\/bebee.com\/us\/jobs\/encargado-a-de-sala-los-angeles-walmart-los-angeles--talent-0376b1a04dad?utm_campaign=google_jobs_apply&#038;utm_source=google_jobs_apply&#038;utm_medium=organic\" style=\"width: 100%; display: inline-block; color: white; text-decoration: none; border-radius: 6px; font-size: 16px; font-weight: bold; text-align: center; transition: transform 0.3s ease, background 0.3s ease; margin-top: auto;\" data-namespace-id=\"5c0d2565-3ba9-4280-a382-ad2a691e2285\"><br \/>\n        <button style=\"width: 100%; height: 55px; background: #e9e9ed; border: 1px solid black; color: black;\">Postular al empleo<\/button><br \/>\n    <\/a><br \/>\n    <small style=\"margin-top: 10px; color: #777; font-size: 12px; text-align: center; display: block;\">Ser\u00e1s redirigido a otra web<\/small>\n<\/div>\n<p>La vacante de Encargado\/a de Sala est\u00e1 dirigida a quienes buscan liderar equipos en un entorno din\u00e1mico. Este puesto de tiempo parcial demanda experiencia en sala de ventas y la habilidad para gestionar personas eficientemente.<\/p>\n<p>Dentro de las condiciones de la oferta, se enfatiza la posibilidad de asumir responsabilidades ampliadas en ausencia del jefe. Se valoran competencias s\u00f3lidas en liderazgo y gesti\u00f3n, ideales para ampliar tus horizontes profesionales.<\/p>\n<p>El proceso de selecci\u00f3n prioriza la notificaci\u00f3n v\u00eda correo electr\u00f3nico para mantener a los postulantes informados sobre el estado de su aplicaci\u00f3n, facilitando un contacto directo y puntual.<\/p>\n<h2>Responsabilidades principales<\/h2>\n<p>Supervisar la reposici\u00f3n de productos y verificar la correcta presentaci\u00f3n de la sala. Controlar indicadores claves, como niveles de venta y cambios de precios.<\/p>\n<p>Coordinar ajustes y asegurar la rotaci\u00f3n y calidad en productos perecederos. Implementar innovaciones y difundir cambios entre el equipo.<\/p>\n<p>Asumir funciones directivas en caso de ausencia del superior. Estimular el trabajo en equipo y la mejora continua de procesos internos.<\/p>\n<p>Garantizar una experiencia positiva tanto para clientes como para el personal bajo su cargo, promoviendo eficiencia y responsabilidad.<\/p>\n<p>Colaborar en proyectos de innovaci\u00f3n y ajuste dentro de la tienda para mantener competitividad en el servicio y surtido.<\/p>\n<h2>Ventajas de la vacante<\/h2>\n<p>Un punto destacado es la oportunidad de crecimiento, ya que el puesto permite desarrollar competencias directivas y de gesti\u00f3n de equipos.<\/p>\n<p>El entorno fomenta el aprendizaje constante, con acceso a capacitaciones y posibilidad de asumir tareas de mayor responsabilidad progresivamente.<\/p>\n<h2>Aspectos menos favorables<\/h2>\n<p>El puesto requiere disponibilidad para trabajar horarios de fin de semana, lo cual puede limitar opciones para actividades personales en esos d\u00edas.<\/p>\n<p>La presi\u00f3n por mantener indicadores \u00f3ptimos y asumir tareas del jefe implica retos adicionales para quienes est\u00e1n empezando en el liderazgo.<\/p>\n<h2>Veredicto final<\/h2>\n<p>La vacante de Encargado\/a de Sala es ideal para quienes buscan crecer profesionalmente en un entorno organizado, din\u00e1mico y de liderazgo. Est\u00e1 orientada a candidatos decididos, comprometidos y con alta capacidad para asumir retos.<\/p>\n<div style=\"background: #ffffff; border-radius: 12px; box-shadow: 0 10px 30px rgba(0, 0, 0, 0.1); width: 100%; max-width: 340px; padding: 25px; transition: transform 0.3s ease-in-out; overflow: visible; display: flex; flex-direction: column; position: relative; border: 1px solid #28a745; margin-top: 70px; margin-bottom: 50px; margin-left: auto; margin-right: auto;\">\n<div style=\"position: absolute; top: -35px; right: 15px; color: #28a745; padding: 5px 10px; border-radius: 6px; font-size: 14px; font-weight: bold; display: flex; align-items: center; z-index: 10;\">Recomendado para ti<\/div>\n<div data-namespace-header=\"\" style=\"\">\n<h3 data-namespace-title=\"\" style=\"color: #333; font-size: 20px; font-weight: bold; text-align: left; margin-right: 50px; min-height: 50px; margin-top: 0px;\">Encargado\/a de Sala<\/h3>\n<\/p><\/div>\n<p data-namespace-prompt=\"\" style=\"font-size: 16px; color: #666; margin-bottom: 20px; line-height: 1.5; flex-grow: 1; text-align: left; margin-top: 0px;\">Responsabilidad, liderazgo y control de equipos para lograr una sala eficiente. Experiencia previa y gran capacidad de gesti\u00f3n. Oportunidad de desarrollo profesional y buen ambiente laboral.<\/p>\n<p>    <a data-namespace-url=\"\" href=\"https:\/\/magistrae.com\/es\/redirect\/?https:\/\/bebee.com\/us\/jobs\/encargado-a-de-sala-los-angeles-walmart-los-angeles--talent-0376b1a04dad?utm_campaign=google_jobs_apply&#038;utm_source=google_jobs_apply&#038;utm_medium=organic\" style=\"width: 100%; display: inline-block; color: white; text-decoration: none; border-radius: 6px; font-size: 16px; font-weight: bold; text-align: center; transition: transform 0.3s ease, background 0.3s ease; margin-top: auto;\" data-namespace-id=\"5c0d2565-3ba9-4280-a382-ad2a691e2285\"><br \/>\n        <button style=\"width: 100%; height: 55px; background: #e9e9ed; border: 1px solid black; color: black;\">Postular al empleo<\/button><br \/>\n    <\/a><br \/>\n    <small style=\"margin-top: 10px; color: #777; font-size: 12px; text-align: center; display: block;\">Ser\u00e1s redirigido a otra web<\/small>\n<\/div>","protected":false},"excerpt":{"rendered":"<p>Descubre la vacante de Encargado\/a de Sala, ideal para quienes buscan liderar equipos y avanzar profesionalmente. Vive una experiencia laboral desafiante y enriquecedora aplicando hoy mismo.<\/p>","protected":false},"author":3,"featured_media":0,"comment_status":"open","ping_status":"open","sticky":false,"template":"","format":"standard","meta":{"_uag_custom_page_level_css":"","site-sidebar-layout":"default","site-content-layout":"","ast-site-content-layout":"","site-content-style":"default","site-sidebar-style":"default","ast-global-header-display":"","ast-banner-title-visibility":"","ast-main-header-display":"","ast-hfb-above-header-display":"","ast-hfb-below-header-display":"","ast-hfb-mobile-header-display":"","site-post-title":"","ast-breadcrumbs-content":"","ast-featured-img":"","footer-sml-layout":"","theme-transparent-header-meta":"","adv-header-id-meta":"","stick-header-meta":"","header-above-stick-meta":"","header-main-stick-meta":"","header-below-stick-meta":"","astra-migrate-meta-layouts":"default","ast-page-background-enabled":"default","ast-page-background-meta":{"desktop":{"background-color":"var(--ast-global-color-4)","background-image":"","background-repeat":"repeat","background-position":"center center","background-size":"auto","background-attachment":"scroll","background-type":"","background-media":"","overlay-type":"","overlay-color":"","overlay-opacity":"","overlay-gradient":""},"tablet":{"background-color":"","background-image":"","background-repeat":"repeat","background-position":"center center","background-size":"auto","background-attachment":"scroll","background-type":"","background-media":"","overlay-type":"","overlay-color":"","overlay-opacity":"","overlay-gradient":""},"mobile":{"background-color":"","background-image":"","background-repeat":"repeat","background-position":"center center","background-size":"auto","background-attachment":"scroll","background-type":"","background-media":"","overlay-type":"","overlay-color":"","overlay-opacity":"","overlay-gradient":""}},"ast-content-background-meta":{"desktop":{"background-color":"var(--ast-global-color-5)","background-image":"","background-repeat":"repeat","background-position":"center center","background-size":"auto","background-attachment":"scroll","background-type":"","background-media":"","overlay-type":"","overlay-color":"","overlay-opacity":"","overlay-gradient":""},"tablet":{"background-color":"var(--ast-global-color-5)","background-image":"","background-repeat":"repeat","background-position":"center center","background-size":"auto","background-attachment":"scroll","background-type":"","background-media":"","overlay-type":"","overlay-color":"","overlay-opacity":"","overlay-gradient":""},"mobile":{"background-color":"var(--ast-global-color-5)","background-image":"","background-repeat":"repeat","background-position":"center center","background-size":"auto","background-attachment":"scroll","background-type":"","background-media":"","overlay-type":"","overlay-color":"","overlay-opacity":"","overlay-gradient":""}},"footnotes":""},"categories":[14],"tags":[],"yoast_head":"<!-- This site is optimized with the Yoast SEO plugin v23.3 - https:\/\/yoast.com\/wordpress\/plugins\/seo\/ -->\n<title>Encargado\/a de Sala: Liderazgo en ventas y crecimiento profesional - Magistrae<\/title>\n<meta name=\"robots\" content=\"index, follow, max-snippet:-1, max-image-preview:large, max-video-preview:-1\" \/>\n<link rel=\"canonical\" href=\"https:\/\/magistrae.com\/es\/057e7fd6-9867-4698-9d51-9ef6e95dcdac\/\" \/>\n<meta property=\"og:locale\" content=\"es_ES\" \/>\n<meta property=\"og:type\" content=\"article\" \/>\n<meta property=\"og:title\" content=\"Encargado\/a de Sala: Liderazgo en ventas y crecimiento profesional - Magistrae\" \/>\n<meta property=\"og:description\" content=\"Descubre la vacante de Encargado\/a de Sala, ideal para quienes buscan liderar equipos y avanzar profesionalmente. Vive una experiencia laboral desafiante y enriquecedora aplicando hoy mismo.\" \/>\n<meta property=\"og:url\" content=\"https:\/\/magistrae.com\/es\/057e7fd6-9867-4698-9d51-9ef6e95dcdac\/\" \/>\n<meta property=\"og:site_name\" content=\"Magistrae\" \/>\n<meta property=\"article:published_time\" content=\"2026-03-24T23:14:00+00:00\" \/>\n<meta property=\"article:modified_time\" content=\"2026-03-24T23:14:38+00:00\" \/>\n<meta name=\"author\" content=\"Bruno Gianni\" \/>\n<meta name=\"twitter:card\" content=\"summary_large_image\" \/>\n<meta name=\"twitter:label1\" content=\"Written by\" \/>\n\t<meta name=\"twitter:data1\" content=\"Bruno Gianni\" \/>\n\t<meta name=\"twitter:label2\" content=\"Est. reading time\" \/>\n\t<meta name=\"twitter:data2\" content=\"2 minutos\" \/>\n<script type=\"application\/ld+json\" class=\"yoast-schema-graph\">{\"@context\":\"https:\/\/schema.org\",\"@graph\":[{\"@type\":\"Article\",\"@id\":\"https:\/\/magistrae.com\/057e7fd6-9867-4698-9d51-9ef6e95dcdac\/#article\",\"isPartOf\":{\"@id\":\"https:\/\/magistrae.com\/057e7fd6-9867-4698-9d51-9ef6e95dcdac\/\"},\"author\":{\"name\":\"Bruno Gianni\",\"@id\":\"https:\/\/magistrae.com\/#\/schema\/person\/d52888235fd6563bd07d97185d6a61e4\"},\"headline\":\"Encargado\/a de Sala: Liderazgo en ventas y crecimiento profesional\",\"datePublished\":\"2026-03-24T23:14:00+00:00\",\"dateModified\":\"2026-03-24T23:14:38+00:00\",\"mainEntityOfPage\":{\"@id\":\"https:\/\/magistrae.com\/057e7fd6-9867-4698-9d51-9ef6e95dcdac\/\"},\"wordCount\":440,\"commentCount\":0,\"publisher\":{\"@id\":\"https:\/\/magistrae.com\/#organization\"},\"articleSection\":[\"Hidden\"],\"inLanguage\":\"es\",\"potentialAction\":[{\"@type\":\"CommentAction\",\"name\":\"Comment\",\"target\":[\"https:\/\/magistrae.com\/057e7fd6-9867-4698-9d51-9ef6e95dcdac\/#respond\"]}]},{\"@type\":\"WebPage\",\"@id\":\"https:\/\/magistrae.com\/057e7fd6-9867-4698-9d51-9ef6e95dcdac\/\",\"url\":\"https:\/\/magistrae.com\/057e7fd6-9867-4698-9d51-9ef6e95dcdac\/\",\"name\":\"Encargado\/a de Sala: Liderazgo en ventas y crecimiento profesional - Magistrae\",\"isPartOf\":{\"@id\":\"https:\/\/magistrae.com\/#website\"},\"datePublished\":\"2026-03-24T23:14:00+00:00\",\"dateModified\":\"2026-03-24T23:14:38+00:00\",\"breadcrumb\":{\"@id\":\"https:\/\/magistrae.com\/057e7fd6-9867-4698-9d51-9ef6e95dcdac\/#breadcrumb\"},\"inLanguage\":\"es\",\"potentialAction\":[{\"@type\":\"ReadAction\",\"target\":[\"https:\/\/magistrae.com\/057e7fd6-9867-4698-9d51-9ef6e95dcdac\/\"]}]},{\"@type\":\"BreadcrumbList\",\"@id\":\"https:\/\/magistrae.com\/057e7fd6-9867-4698-9d51-9ef6e95dcdac\/#breadcrumb\",\"itemListElement\":[{\"@type\":\"ListItem\",\"position\":1,\"name\":\"Home\",\"item\":\"https:\/\/magistrae.com\/\"},{\"@type\":\"ListItem\",\"position\":2,\"name\":\"Encargado\/a de Sala: Liderazgo en ventas y crecimiento profesional\"}]},{\"@type\":\"WebSite\",\"@id\":\"https:\/\/magistrae.com\/#website\",\"url\":\"https:\/\/magistrae.com\/\",\"name\":\"Magistrae\",\"description\":\"\",\"publisher\":{\"@id\":\"https:\/\/magistrae.com\/#organization\"},\"potentialAction\":[{\"@type\":\"SearchAction\",\"target\":{\"@type\":\"EntryPoint\",\"urlTemplate\":\"https:\/\/magistrae.com\/?s={search_term_string}\"},\"query-input\":\"required name=search_term_string\"}],\"inLanguage\":\"es\"},{\"@type\":\"Organization\",\"@id\":\"https:\/\/magistrae.com\/#organization\",\"name\":\"Magistrae\",\"url\":\"https:\/\/magistrae.com\/\",\"logo\":{\"@type\":\"ImageObject\",\"inLanguage\":\"es\",\"@id\":\"https:\/\/magistrae.com\/#\/schema\/logo\/image\/\",\"url\":\"https:\/\/magistrae.com\/wp-content\/uploads\/sites\/413\/2026\/03\/9_Magistrae.jpg\",\"contentUrl\":\"https:\/\/magistrae.com\/wp-content\/uploads\/sites\/413\/2026\/03\/9_Magistrae.jpg\",\"width\":2000,\"height\":2000,\"caption\":\"Magistrae\"},\"image\":{\"@id\":\"https:\/\/magistrae.com\/#\/schema\/logo\/image\/\"}},{\"@type\":\"Person\",\"@id\":\"https:\/\/magistrae.com\/#\/schema\/person\/d52888235fd6563bd07d97185d6a61e4\",\"name\":\"Bruno Gianni\",\"image\":{\"@type\":\"ImageObject\",\"inLanguage\":\"es\",\"@id\":\"https:\/\/magistrae.com\/#\/schema\/person\/image\/\",\"url\":\"https:\/\/secure.gravatar.com\/avatar\/0f5d42d7bf77874643c1478932860e3f?s=96&d=mm&r=g\",\"contentUrl\":\"https:\/\/secure.gravatar.com\/avatar\/0f5d42d7bf77874643c1478932860e3f?s=96&d=mm&r=g\",\"caption\":\"Bruno Gianni\"},\"description\":\"Bruno writes the way he lives, with curiosity, care, and respect for people. He likes to observe, listen, and try to understand what is happening on the other side before putting any words on the page.For him, writing is not about impressing, but about getting closer. It is about turning thoughts into something simple, clear, and real. Every text is an ongoing conversation, created with care and honesty, with the sincere intention of touching someone, somewhere along the way.\",\"url\":\"https:\/\/magistrae.com\/es\/author\/bcgianni\/\"}]}<\/script>\n<!-- \/ Yoast SEO plugin. -->","yoast_head_json":{"title":"Encargado\/a de Sala: Liderazgo en ventas y crecimiento profesional - Magistrae","robots":{"index":"index","follow":"follow","max-snippet":"max-snippet:-1","max-image-preview":"max-image-preview:large","max-video-preview":"max-video-preview:-1"},"canonical":"https:\/\/magistrae.com\/es\/057e7fd6-9867-4698-9d51-9ef6e95dcdac\/","og_locale":"es_ES","og_type":"article","og_title":"Encargado\/a de Sala: Liderazgo en ventas y crecimiento profesional - Magistrae","og_description":"Descubre la vacante de Encargado\/a de Sala, ideal para quienes buscan liderar equipos y avanzar profesionalmente. Vive una experiencia laboral desafiante y enriquecedora aplicando hoy mismo.","og_url":"https:\/\/magistrae.com\/es\/057e7fd6-9867-4698-9d51-9ef6e95dcdac\/","og_site_name":"Magistrae","article_published_time":"2026-03-24T23:14:00+00:00","article_modified_time":"2026-03-24T23:14:38+00:00","author":"Bruno Gianni","twitter_card":"summary_large_image","twitter_misc":{"Written by":"Bruno Gianni","Est. reading time":"2 minutos"},"schema":{"@context":"https:\/\/schema.org","@graph":[{"@type":"Article","@id":"https:\/\/magistrae.com\/057e7fd6-9867-4698-9d51-9ef6e95dcdac\/#article","isPartOf":{"@id":"https:\/\/magistrae.com\/057e7fd6-9867-4698-9d51-9ef6e95dcdac\/"},"author":{"name":"Bruno Gianni","@id":"https:\/\/magistrae.com\/#\/schema\/person\/d52888235fd6563bd07d97185d6a61e4"},"headline":"Encargado\/a de Sala: Liderazgo en ventas y crecimiento profesional","datePublished":"2026-03-24T23:14:00+00:00","dateModified":"2026-03-24T23:14:38+00:00","mainEntityOfPage":{"@id":"https:\/\/magistrae.com\/057e7fd6-9867-4698-9d51-9ef6e95dcdac\/"},"wordCount":440,"commentCount":0,"publisher":{"@id":"https:\/\/magistrae.com\/#organization"},"articleSection":["Hidden"],"inLanguage":"es","potentialAction":[{"@type":"CommentAction","name":"Comment","target":["https:\/\/magistrae.com\/057e7fd6-9867-4698-9d51-9ef6e95dcdac\/#respond"]}]},{"@type":"WebPage","@id":"https:\/\/magistrae.com\/057e7fd6-9867-4698-9d51-9ef6e95dcdac\/","url":"https:\/\/magistrae.com\/057e7fd6-9867-4698-9d51-9ef6e95dcdac\/","name":"Encargado\/a de Sala: Liderazgo en ventas y crecimiento profesional - Magistrae","isPartOf":{"@id":"https:\/\/magistrae.com\/#website"},"datePublished":"2026-03-24T23:14:00+00:00","dateModified":"2026-03-24T23:14:38+00:00","breadcrumb":{"@id":"https:\/\/magistrae.com\/057e7fd6-9867-4698-9d51-9ef6e95dcdac\/#breadcrumb"},"inLanguage":"es","potentialAction":[{"@type":"ReadAction","target":["https:\/\/magistrae.com\/057e7fd6-9867-4698-9d51-9ef6e95dcdac\/"]}]},{"@type":"BreadcrumbList","@id":"https:\/\/magistrae.com\/057e7fd6-9867-4698-9d51-9ef6e95dcdac\/#breadcrumb","itemListElement":[{"@type":"ListItem","position":1,"name":"Home","item":"https:\/\/magistrae.com\/"},{"@type":"ListItem","position":2,"name":"Encargado\/a de Sala: Liderazgo en ventas y crecimiento profesional"}]},{"@type":"WebSite","@id":"https:\/\/magistrae.com\/#website","url":"https:\/\/magistrae.com\/","name":"Magistrae","description":"","publisher":{"@id":"https:\/\/magistrae.com\/#organization"},"potentialAction":[{"@type":"SearchAction","target":{"@type":"EntryPoint","urlTemplate":"https:\/\/magistrae.com\/?s={search_term_string}"},"query-input":"required name=search_term_string"}],"inLanguage":"es"},{"@type":"Organization","@id":"https:\/\/magistrae.com\/#organization","name":"Magistrae","url":"https:\/\/magistrae.com\/","logo":{"@type":"ImageObject","inLanguage":"es","@id":"https:\/\/magistrae.com\/#\/schema\/logo\/image\/","url":"https:\/\/magistrae.com\/wp-content\/uploads\/sites\/413\/2026\/03\/9_Magistrae.jpg","contentUrl":"https:\/\/magistrae.com\/wp-content\/uploads\/sites\/413\/2026\/03\/9_Magistrae.jpg","width":2000,"height":2000,"caption":"Magistrae"},"image":{"@id":"https:\/\/magistrae.com\/#\/schema\/logo\/image\/"}},{"@type":"Person","@id":"https:\/\/magistrae.com\/#\/schema\/person\/d52888235fd6563bd07d97185d6a61e4","name":"Bruno Gianni","image":{"@type":"ImageObject","inLanguage":"es","@id":"https:\/\/magistrae.com\/#\/schema\/person\/image\/","url":"https:\/\/secure.gravatar.com\/avatar\/0f5d42d7bf77874643c1478932860e3f?s=96&d=mm&r=g","contentUrl":"https:\/\/secure.gravatar.com\/avatar\/0f5d42d7bf77874643c1478932860e3f?s=96&d=mm&r=g","caption":"Bruno Gianni"},"description":"Bruno writes the way he lives, with curiosity, care, and respect for people. He likes to observe, listen, and try to understand what is happening on the other side before putting any words on the page.For him, writing is not about impressing, but about getting closer. It is about turning thoughts into something simple, clear, and real. Every text is an ongoing conversation, created with care and honesty, with the sincere intention of touching someone, somewhere along the way.","url":"https:\/\/magistrae.com\/es\/author\/bcgianni\/"}]}},"uagb_featured_image_src":{"full":false,"thumbnail":false,"medium":false,"medium_large":false,"large":false,"1536x1536":false,"2048x2048":false,"trp-custom-language-flag":false},"uagb_author_info":{"display_name":"Bruno Gianni","author_link":"https:\/\/magistrae.com\/es\/author\/bcgianni\/"},"uagb_comment_info":0,"uagb_excerpt":"Descubre la vacante de Encargado\/a de Sala, ideal para quienes buscan liderar equipos y avanzar profesionalmente. Vive una experiencia laboral desafiante y enriquecedora aplicando hoy mismo.","_links":{"self":[{"href":"https:\/\/magistrae.com\/es\/wp-json\/wp\/v2\/posts\/10357"}],"collection":[{"href":"https:\/\/magistrae.com\/es\/wp-json\/wp\/v2\/posts"}],"about":[{"href":"https:\/\/magistrae.com\/es\/wp-json\/wp\/v2\/types\/post"}],"author":[{"embeddable":true,"href":"https:\/\/magistrae.com\/es\/wp-json\/wp\/v2\/users\/3"}],"replies":[{"embeddable":true,"href":"https:\/\/magistrae.com\/es\/wp-json\/wp\/v2\/comments?post=10357"}],"version-history":[{"count":1,"href":"https:\/\/magistrae.com\/es\/wp-json\/wp\/v2\/posts\/10357\/revisions"}],"predecessor-version":[{"id":10361,"href":"https:\/\/magistrae.com\/es\/wp-json\/wp\/v2\/posts\/10357\/revisions\/10361"}],"wp:attachment":[{"href":"https:\/\/magistrae.com\/es\/wp-json\/wp\/v2\/media?parent=10357"}],"wp:term":[{"taxonomy":"category","embeddable":true,"href":"https:\/\/magistrae.com\/es\/wp-json\/wp\/v2\/categories?post=10357"},{"taxonomy":"post_tag","embeddable":true,"href":"https:\/\/magistrae.com\/es\/wp-json\/wp\/v2\/tags?post=10357"}],"curies":[{"name":"wp","href":"https:\/\/api.w.org\/{rel}","templated":true}]}}